{"id":903,"date":"2016-11-21T08:37:47","date_gmt":"2016-11-21T08:37:47","guid":{"rendered":"http:\/\/mah.ro\/hun\/?p=903"},"modified":"2017-01-03T12:10:07","modified_gmt":"2017-01-03T12:10:07","slug":"uj-felszerelesek","status":"publish","type":"post","link":"https:\/\/mah.ro\/hun\/uj-felszerelesek\/","title":{"rendered":"\u00daj felszerel\u00e9sek a MACOS &#038; HALL aj\u00e1nlataiban"},"content":{"rendered":"<h3 align=\"center\"><strong>A traktorok \u00e9s mez\u0151gazdas\u00e1gi g\u00e9pek mellett a MACOS &amp; HALL KFT most T\u00d6BBC\u00c9L\u00da \u00c9P\u00cdT\u00c9SZETI felszerel\u00e9seket is k\u00edn\u00e1l k\u00f6zm\u0171vek, \u00e9p\u00edt\u0151ipari v\u00e1llalatok \u00e9s gazdas\u00e1gok sz\u00e1m\u00e1ra.<\/strong><\/h3>\n<div class=\"spaced bg-white\">\n<table style=\"height: 1800;\" width=\"2500\">\n<tbody>\n<tr>\n<td width=\"600\"><a href=\"http:\/\/mah.ro\/hun\/m-18be-mini-kotrok\/\" target=\"_blank\"><img loading=\"lazy\" decoding=\"async\" class=\"aligncenter wp-image-56 size-full\" src=\"http:\/\/mah.ro\/wp\/wp-content\/uploads\/miniexcavatorM18BE.jpg\" alt=\"Mini-excavatoare M-18BE\" width=\"400\" height=\"280\" \/><\/a><\/td>\n<td width=\"600\"><a href=\"http:\/\/mah.ro\/hun\/m-16u-mini-kotrok\/\" target=\"_blank\"><img loading=\"lazy\" decoding=\"async\" class=\"aligncenter size-full wp-image-56\" src=\"http:\/\/mah.ro\/wp\/wp-content\/uploads\/miniexcavatorM16U.jpg\" alt=\"Mini-excavatoare M-16U\" width=\"400\" height=\"280\" \/><\/a><\/td>\n<td width=\"600\"><a href=\"http:\/\/mah.ro\/hun\/m-16bv-mini-kotrok\/\" target=\"_blank\"><img loading=\"lazy\" decoding=\"async\" class=\"aligncenter size-full wp-image-56\" src=\"http:\/\/mah.ro\/wp\/wp-content\/uploads\/miniexcavatorM16BV.jpg\" alt=\"Mini-excavatoare M-16BV\" width=\"400\" height=\"280\" \/><\/a><\/td>\n<td width=\"600\"><a href=\"http:\/\/mah.ro\/hun\/m-13k-mini-kotrok\/\" target=\"_blank\"><img loading=\"lazy\" decoding=\"async\" class=\"aligncenter size-full wp-image-56\" src=\"http:\/\/mah.ro\/wp\/wp-content\/uploads\/miniexcavatorM13K.jpg\" alt=\"Mini-excavatoare M-13K\" width=\"400\" height=\"280\" \/><\/a><\/td>\n<\/tr>\n<tr>\n<td align=\"center\" width=\"600\"><a href=\"http:\/\/mah.ro\/hun\/m-18be-mini-kotrok\/\" target=\"_blank\">M-18BE Mini-Kotr\u00f3k<\/a><\/td>\n<td align=\"center\" width=\"600\"><a href=\"http:\/\/mah.ro\/hun\/m-16u-mini-kotrok\/\" target=\"_blank\">M-16U Mini-Kotr\u00f3k<\/a><\/td>\n<td align=\"center\" width=\"600\"><a href=\"http:\/\/mah.ro\/hun\/m-16bv-mini-kotrok\/\" target=\"_blank\">M-16BV Mini- Kotr\u00f3k<\/a><\/td>\n<td align=\"center\" width=\"600\"><a href=\"http:\/\/mah.ro\/hun\/m-13k-mini-kotrok\/\" target=\"_blank\">M-13K Mini- Kotr\u00f3k<\/a><\/td>\n<\/tr>\n<tr>\n<td width=\"600\"><a href=\"http:\/\/mah.ro\/hun\/ctl-mini-rakodok\/\" target=\"_blank\"><img loading=\"lazy\" decoding=\"async\" class=\"aligncenter size-full wp-image-56\" src=\"http:\/\/mah.ro\/wp\/wp-content\/uploads\/constructiiCTL.jpg\" alt=\"Utilaje agricole URSUS C-350\" width=\"400\" height=\"280\" \/><\/a><\/td>\n<td width=\"600\"><a href=\"http:\/\/mah.ro\/hun\/sl-mini-rakodok\/\" target=\"_blank\"><img loading=\"lazy\" decoding=\"async\" class=\"aligncenter size-full wp-image-56\" src=\"http:\/\/mah.ro\/wp\/wp-content\/uploads\/constructii1.jpg\" alt=\"Mini-\u00eenc\u0103rc\u0103toare SL\" width=\"400\" height=\"280\" \/><\/a><\/td>\n<td width=\"600\"><a href=\"http:\/\/mah.ro\/hun\/hoekek\/\" target=\"_blank\"><img loading=\"lazy\" decoding=\"async\" class=\"aligncenter size-full wp-image-56\" src=\"http:\/\/mah.ro\/wp\/wp-content\/uploads\/DSC02376.jpg\" alt=\"Pluguri de z\u0103pad\u0103\" width=\"400\" height=\"280\" \/><\/a><\/td>\n<td width=\"600\"><a href=\"http:\/\/mah.ro\/hun\/homaro\/\" target=\"_blank\"><img loading=\"lazy\" decoding=\"async\" class=\"aligncenter size-full wp-image-56\" src=\"http:\/\/mah.ro\/wp\/wp-content\/uploads\/Freza-zapada.jpg\" alt=\"Frez\u0103 de z\u0103pad\u0103\" width=\"400\" height=\"280\" \/><\/a><\/td>\n<\/tr>\n<tr>\n<td align=\"center\" width=\"600\"><a href=\"http:\/\/mah.ro\/hun\/ctl-mini-rakodok\/\" target=\"_blank\">CTL Mini-rakod\u00f3k<\/a><\/td>\n<td align=\"center\" width=\"600\"><a href=\"http:\/\/mah.ro\/hun\/sl-mini-rakodok\/\" target=\"_blank\">SL Mini-rakod\u00f3k<\/a><\/td>\n<td align=\"center\" width=\"600\"><a href=\"http:\/\/mah.ro\/hun\/hoekek\/\" target=\"_blank\">H\u00f3ek\u00e9k<\/a><\/td>\n<td align=\"center\" width=\"600\"><a href=\"http:\/\/mah.ro\/hun\/homaro\/\" target=\"_blank\">H\u00f3mar\u00f3<\/a><\/td>\n<\/tr>\n<\/tbody>\n<\/table>\n<\/div>\n<h3 align=\"center\"><strong>Egy szem\u00e9lyre szabott aj\u00e1nlat\u00e9rt, k\u00e9rj\u00fck t\u00f6ltse ki az al\u00e1bbi \u0171rlapot. K\u00f6sz\u00f6nj\u00fck!<\/strong><\/h3>\n","protected":false},"excerpt":{"rendered":"<p>A traktorok \u00e9s mez\u0151gazdas\u00e1gi g\u00e9pek mellett a MACOS &amp; HALL KFT most T\u00d6BBC\u00c9L\u00da \u00c9P\u00cdT\u00c9SZETI felszerel\u00e9seket is k\u00edn\u00e1l k\u00f6zm\u0171vek, \u00e9p\u00edt\u0151ipari v\u00e1llalatok \u00e9s gazdas\u00e1gok sz\u00e1m\u00e1ra. M-18BE Mini-Kotr\u00f3k M-16U Mini-Kotr\u00f3k M-16BV Mini- Kotr\u00f3k M-13K Mini- Kotr\u00f3k CTL Mini-rakod\u00f3k SL Mini-rakod\u00f3k H\u00f3ek\u00e9k H\u00f3mar\u00f3 Egy szem\u00e9lyre szabott aj\u00e1nlat\u00e9rt, k\u00e9rj\u00fck t\u00f6ltse ki az al\u00e1bbi \u0171rlapot. K\u00f6sz\u00f6nj\u00fck!<\/p>\n","protected":false},"author":1,"featured_media":904,"comment_status":"closed","ping_status":"closed","sticky":false,"template":"","format":"standard","meta":{"footnotes":""},"categories":[1],"tags":[],"class_list":["post-903","post","type-post","status-publish","format-standard","has-post-thumbnail","hentry","category-aruk"],"yoast_head":"<!-- This site is optimized with the Yoast SEO plugin v27.5 - https:\/\/yoast.com\/product\/yoast-seo-wordpress\/ -->\n<title>\u00daj felszerel\u00e9sek a MACOS &amp; HALL aj\u00e1nlataiban - MACOS &amp; HALL<\/title>\n<meta name=\"robots\" content=\"index, follow, max-snippet:-1, max-image-preview:large, max-video-preview:-1\" \/>\n<link rel=\"canonical\" href=\"https:\/\/mah.ro\/hun\/uj-felszerelesek\/\" \/>\n<meta property=\"og:locale\" content=\"ro_RO\" \/>\n<meta property=\"og:type\" content=\"article\" \/>\n<meta property=\"og:title\" content=\"\u00daj felszerel\u00e9sek a MACOS &amp; HALL aj\u00e1nlataiban - MACOS &amp; HALL\" \/>\n<meta property=\"og:description\" content=\"A traktorok \u00e9s mez\u0151gazdas\u00e1gi g\u00e9pek mellett a MACOS &amp; HALL KFT most T\u00d6BBC\u00c9L\u00da \u00c9P\u00cdT\u00c9SZETI felszerel\u00e9seket is k\u00edn\u00e1l k\u00f6zm\u0171vek, \u00e9p\u00edt\u0151ipari v\u00e1llalatok \u00e9s gazdas\u00e1gok sz\u00e1m\u00e1ra. M-18BE Mini-Kotr\u00f3k M-16U Mini-Kotr\u00f3k M-16BV Mini- Kotr\u00f3k M-13K Mini- Kotr\u00f3k CTL Mini-rakod\u00f3k SL Mini-rakod\u00f3k H\u00f3ek\u00e9k H\u00f3mar\u00f3 Egy szem\u00e9lyre szabott aj\u00e1nlat\u00e9rt, k\u00e9rj\u00fck t\u00f6ltse ki az al\u00e1bbi \u0171rlapot. K\u00f6sz\u00f6nj\u00fck!\" \/>\n<meta property=\"og:url\" content=\"https:\/\/mah.ro\/hun\/uj-felszerelesek\/\" \/>\n<meta property=\"og:site_name\" content=\"MACOS &amp; HALL\" \/>\n<meta property=\"article:published_time\" content=\"2016-11-21T08:37:47+00:00\" \/>\n<meta property=\"article:modified_time\" content=\"2017-01-03T12:10:07+00:00\" \/>\n<meta property=\"og:image\" content=\"https:\/\/mah.ro\/hun\/wp-content\/uploads\/miniexcavatorM16BV.jpg\" \/>\n\t<meta property=\"og:image:width\" content=\"416\" \/>\n\t<meta property=\"og:image:height\" content=\"276\" \/>\n\t<meta property=\"og:image:type\" content=\"image\/jpeg\" \/>\n<meta name=\"author\" content=\"readmin\" \/>\n<meta name=\"twitter:card\" content=\"summary_large_image\" \/>\n<meta name=\"twitter:label1\" content=\"Scris de\" \/>\n\t<meta name=\"twitter:data1\" content=\"readmin\" \/>\n<script type=\"application\/ld+json\" class=\"yoast-schema-graph\">{\"@context\":\"https:\\\/\\\/schema.org\",\"@graph\":[{\"@type\":\"Article\",\"@id\":\"https:\\\/\\\/mah.ro\\\/hun\\\/uj-felszerelesek\\\/#article\",\"isPartOf\":{\"@id\":\"https:\\\/\\\/mah.ro\\\/hun\\\/uj-felszerelesek\\\/\"},\"author\":{\"name\":\"readmin\",\"@id\":\"https:\\\/\\\/mah.ro\\\/hun\\\/#\\\/schema\\\/person\\\/9f0881ddfd4c9e88798bc2b5a8c77e04\"},\"headline\":\"\u00daj felszerel\u00e9sek a MACOS &#038; HALL aj\u00e1nlataiban\",\"datePublished\":\"2016-11-21T08:37:47+00:00\",\"dateModified\":\"2017-01-03T12:10:07+00:00\",\"mainEntityOfPage\":{\"@id\":\"https:\\\/\\\/mah.ro\\\/hun\\\/uj-felszerelesek\\\/\"},\"wordCount\":99,\"publisher\":{\"@id\":\"https:\\\/\\\/mah.ro\\\/hun\\\/#organization\"},\"image\":{\"@id\":\"https:\\\/\\\/mah.ro\\\/hun\\\/uj-felszerelesek\\\/#primaryimage\"},\"thumbnailUrl\":\"https:\\\/\\\/mah.ro\\\/hun\\\/wp-content\\\/uploads\\\/miniexcavatorM16BV.jpg\",\"articleSection\":[\"\u00c1ruk\"],\"inLanguage\":\"ro-RO\"},{\"@type\":\"WebPage\",\"@id\":\"https:\\\/\\\/mah.ro\\\/hun\\\/uj-felszerelesek\\\/\",\"url\":\"https:\\\/\\\/mah.ro\\\/hun\\\/uj-felszerelesek\\\/\",\"name\":\"\u00daj felszerel\u00e9sek a MACOS & HALL aj\u00e1nlataiban - MACOS &amp; HALL\",\"isPartOf\":{\"@id\":\"https:\\\/\\\/mah.ro\\\/hun\\\/#website\"},\"primaryImageOfPage\":{\"@id\":\"https:\\\/\\\/mah.ro\\\/hun\\\/uj-felszerelesek\\\/#primaryimage\"},\"image\":{\"@id\":\"https:\\\/\\\/mah.ro\\\/hun\\\/uj-felszerelesek\\\/#primaryimage\"},\"thumbnailUrl\":\"https:\\\/\\\/mah.ro\\\/hun\\\/wp-content\\\/uploads\\\/miniexcavatorM16BV.jpg\",\"datePublished\":\"2016-11-21T08:37:47+00:00\",\"dateModified\":\"2017-01-03T12:10:07+00:00\",\"breadcrumb\":{\"@id\":\"https:\\\/\\\/mah.ro\\\/hun\\\/uj-felszerelesek\\\/#breadcrumb\"},\"inLanguage\":\"ro-RO\",\"potentialAction\":[{\"@type\":\"ReadAction\",\"target\":[\"https:\\\/\\\/mah.ro\\\/hun\\\/uj-felszerelesek\\\/\"]}]},{\"@type\":\"ImageObject\",\"inLanguage\":\"ro-RO\",\"@id\":\"https:\\\/\\\/mah.ro\\\/hun\\\/uj-felszerelesek\\\/#primaryimage\",\"url\":\"https:\\\/\\\/mah.ro\\\/hun\\\/wp-content\\\/uploads\\\/miniexcavatorM16BV.jpg\",\"contentUrl\":\"https:\\\/\\\/mah.ro\\\/hun\\\/wp-content\\\/uploads\\\/miniexcavatorM16BV.jpg\",\"width\":416,\"height\":276},{\"@type\":\"BreadcrumbList\",\"@id\":\"https:\\\/\\\/mah.ro\\\/hun\\\/uj-felszerelesek\\\/#breadcrumb\",\"itemListElement\":[{\"@type\":\"ListItem\",\"position\":1,\"name\":\"Home\",\"item\":\"https:\\\/\\\/mah.ro\\\/hun\\\/\"},{\"@type\":\"ListItem\",\"position\":2,\"name\":\"\u00daj felszerel\u00e9sek a MACOS &#038; HALL aj\u00e1nlataiban\"}]},{\"@type\":\"WebSite\",\"@id\":\"https:\\\/\\\/mah.ro\\\/hun\\\/#website\",\"url\":\"https:\\\/\\\/mah.ro\\\/hun\\\/\",\"name\":\"MACOS &amp; HALL\",\"description\":\"Mez\u0151gazdas\u00e1gi g\u00e9pek nemzetk\u00f6zi forgalmaz\u00f3ja.\",\"publisher\":{\"@id\":\"https:\\\/\\\/mah.ro\\\/hun\\\/#organization\"},\"potentialAction\":[{\"@type\":\"SearchAction\",\"target\":{\"@type\":\"EntryPoint\",\"urlTemplate\":\"https:\\\/\\\/mah.ro\\\/hun\\\/?s={search_term_string}\"},\"query-input\":{\"@type\":\"PropertyValueSpecification\",\"valueRequired\":true,\"valueName\":\"search_term_string\"}}],\"inLanguage\":\"ro-RO\"},{\"@type\":\"Organization\",\"@id\":\"https:\\\/\\\/mah.ro\\\/hun\\\/#organization\",\"name\":\"MACOS & HALL\",\"url\":\"https:\\\/\\\/mah.ro\\\/hun\\\/\",\"logo\":{\"@type\":\"ImageObject\",\"inLanguage\":\"ro-RO\",\"@id\":\"https:\\\/\\\/mah.ro\\\/hun\\\/#\\\/schema\\\/logo\\\/image\\\/\",\"url\":\"https:\\\/\\\/mah.ro\\\/hun\\\/wp-content\\\/uploads\\\/sigla-RED-Macos-Hall.jpg\",\"contentUrl\":\"https:\\\/\\\/mah.ro\\\/hun\\\/wp-content\\\/uploads\\\/sigla-RED-Macos-Hall.jpg\",\"width\":1128,\"height\":178,\"caption\":\"MACOS & HALL\"},\"image\":{\"@id\":\"https:\\\/\\\/mah.ro\\\/hun\\\/#\\\/schema\\\/logo\\\/image\\\/\"}},{\"@type\":\"Person\",\"@id\":\"https:\\\/\\\/mah.ro\\\/hun\\\/#\\\/schema\\\/person\\\/9f0881ddfd4c9e88798bc2b5a8c77e04\",\"name\":\"readmin\",\"url\":\"https:\\\/\\\/mah.ro\\\/hun\\\/author\\\/readmin\\\/\"}]}<\/script>\n<!-- \/ Yoast SEO plugin. -->","yoast_head_json":{"title":"\u00daj felszerel\u00e9sek a MACOS & HALL aj\u00e1nlataiban - MACOS &amp; HALL","robots":{"index":"index","follow":"follow","max-snippet":"max-snippet:-1","max-image-preview":"max-image-preview:large","max-video-preview":"max-video-preview:-1"},"canonical":"https:\/\/mah.ro\/hun\/uj-felszerelesek\/","og_locale":"ro_RO","og_type":"article","og_title":"\u00daj felszerel\u00e9sek a MACOS & HALL aj\u00e1nlataiban - MACOS &amp; HALL","og_description":"A traktorok \u00e9s mez\u0151gazdas\u00e1gi g\u00e9pek mellett a MACOS &amp; HALL KFT most T\u00d6BBC\u00c9L\u00da \u00c9P\u00cdT\u00c9SZETI felszerel\u00e9seket is k\u00edn\u00e1l k\u00f6zm\u0171vek, \u00e9p\u00edt\u0151ipari v\u00e1llalatok \u00e9s gazdas\u00e1gok sz\u00e1m\u00e1ra. M-18BE Mini-Kotr\u00f3k M-16U Mini-Kotr\u00f3k M-16BV Mini- Kotr\u00f3k M-13K Mini- Kotr\u00f3k CTL Mini-rakod\u00f3k SL Mini-rakod\u00f3k H\u00f3ek\u00e9k H\u00f3mar\u00f3 Egy szem\u00e9lyre szabott aj\u00e1nlat\u00e9rt, k\u00e9rj\u00fck t\u00f6ltse ki az al\u00e1bbi \u0171rlapot. K\u00f6sz\u00f6nj\u00fck!","og_url":"https:\/\/mah.ro\/hun\/uj-felszerelesek\/","og_site_name":"MACOS &amp; HALL","article_published_time":"2016-11-21T08:37:47+00:00","article_modified_time":"2017-01-03T12:10:07+00:00","og_image":[{"width":416,"height":276,"url":"https:\/\/mah.ro\/hun\/wp-content\/uploads\/miniexcavatorM16BV.jpg","type":"image\/jpeg"}],"author":"readmin","twitter_card":"summary_large_image","twitter_misc":{"Scris de":"readmin"},"schema":{"@context":"https:\/\/schema.org","@graph":[{"@type":"Article","@id":"https:\/\/mah.ro\/hun\/uj-felszerelesek\/#article","isPartOf":{"@id":"https:\/\/mah.ro\/hun\/uj-felszerelesek\/"},"author":{"name":"readmin","@id":"https:\/\/mah.ro\/hun\/#\/schema\/person\/9f0881ddfd4c9e88798bc2b5a8c77e04"},"headline":"\u00daj felszerel\u00e9sek a MACOS &#038; HALL aj\u00e1nlataiban","datePublished":"2016-11-21T08:37:47+00:00","dateModified":"2017-01-03T12:10:07+00:00","mainEntityOfPage":{"@id":"https:\/\/mah.ro\/hun\/uj-felszerelesek\/"},"wordCount":99,"publisher":{"@id":"https:\/\/mah.ro\/hun\/#organization"},"image":{"@id":"https:\/\/mah.ro\/hun\/uj-felszerelesek\/#primaryimage"},"thumbnailUrl":"https:\/\/mah.ro\/hun\/wp-content\/uploads\/miniexcavatorM16BV.jpg","articleSection":["\u00c1ruk"],"inLanguage":"ro-RO"},{"@type":"WebPage","@id":"https:\/\/mah.ro\/hun\/uj-felszerelesek\/","url":"https:\/\/mah.ro\/hun\/uj-felszerelesek\/","name":"\u00daj felszerel\u00e9sek a MACOS & HALL aj\u00e1nlataiban - MACOS &amp; HALL","isPartOf":{"@id":"https:\/\/mah.ro\/hun\/#website"},"primaryImageOfPage":{"@id":"https:\/\/mah.ro\/hun\/uj-felszerelesek\/#primaryimage"},"image":{"@id":"https:\/\/mah.ro\/hun\/uj-felszerelesek\/#primaryimage"},"thumbnailUrl":"https:\/\/mah.ro\/hun\/wp-content\/uploads\/miniexcavatorM16BV.jpg","datePublished":"2016-11-21T08:37:47+00:00","dateModified":"2017-01-03T12:10:07+00:00","breadcrumb":{"@id":"https:\/\/mah.ro\/hun\/uj-felszerelesek\/#breadcrumb"},"inLanguage":"ro-RO","potentialAction":[{"@type":"ReadAction","target":["https:\/\/mah.ro\/hun\/uj-felszerelesek\/"]}]},{"@type":"ImageObject","inLanguage":"ro-RO","@id":"https:\/\/mah.ro\/hun\/uj-felszerelesek\/#primaryimage","url":"https:\/\/mah.ro\/hun\/wp-content\/uploads\/miniexcavatorM16BV.jpg","contentUrl":"https:\/\/mah.ro\/hun\/wp-content\/uploads\/miniexcavatorM16BV.jpg","width":416,"height":276},{"@type":"BreadcrumbList","@id":"https:\/\/mah.ro\/hun\/uj-felszerelesek\/#breadcrumb","itemListElement":[{"@type":"ListItem","position":1,"name":"Home","item":"https:\/\/mah.ro\/hun\/"},{"@type":"ListItem","position":2,"name":"\u00daj felszerel\u00e9sek a MACOS &#038; HALL aj\u00e1nlataiban"}]},{"@type":"WebSite","@id":"https:\/\/mah.ro\/hun\/#website","url":"https:\/\/mah.ro\/hun\/","name":"MACOS &amp; HALL","description":"Mez\u0151gazdas\u00e1gi g\u00e9pek nemzetk\u00f6zi forgalmaz\u00f3ja.","publisher":{"@id":"https:\/\/mah.ro\/hun\/#organization"},"potentialAction":[{"@type":"SearchAction","target":{"@type":"EntryPoint","urlTemplate":"https:\/\/mah.ro\/hun\/?s={search_term_string}"},"query-input":{"@type":"PropertyValueSpecification","valueRequired":true,"valueName":"search_term_string"}}],"inLanguage":"ro-RO"},{"@type":"Organization","@id":"https:\/\/mah.ro\/hun\/#organization","name":"MACOS & HALL","url":"https:\/\/mah.ro\/hun\/","logo":{"@type":"ImageObject","inLanguage":"ro-RO","@id":"https:\/\/mah.ro\/hun\/#\/schema\/logo\/image\/","url":"https:\/\/mah.ro\/hun\/wp-content\/uploads\/sigla-RED-Macos-Hall.jpg","contentUrl":"https:\/\/mah.ro\/hun\/wp-content\/uploads\/sigla-RED-Macos-Hall.jpg","width":1128,"height":178,"caption":"MACOS & HALL"},"image":{"@id":"https:\/\/mah.ro\/hun\/#\/schema\/logo\/image\/"}},{"@type":"Person","@id":"https:\/\/mah.ro\/hun\/#\/schema\/person\/9f0881ddfd4c9e88798bc2b5a8c77e04","name":"readmin","url":"https:\/\/mah.ro\/hun\/author\/readmin\/"}]}},"_links":{"self":[{"href":"https:\/\/mah.ro\/hun\/wp-json\/wp\/v2\/posts\/903","targetHints":{"allow":["GET"]}}],"collection":[{"href":"https:\/\/mah.ro\/hun\/wp-json\/wp\/v2\/posts"}],"about":[{"href":"https:\/\/mah.ro\/hun\/wp-json\/wp\/v2\/types\/post"}],"author":[{"embeddable":true,"href":"https:\/\/mah.ro\/hun\/wp-json\/wp\/v2\/users\/1"}],"replies":[{"embeddable":true,"href":"https:\/\/mah.ro\/hun\/wp-json\/wp\/v2\/comments?post=903"}],"version-history":[{"count":0,"href":"https:\/\/mah.ro\/hun\/wp-json\/wp\/v2\/posts\/903\/revisions"}],"wp:featuredmedia":[{"embeddable":true,"href":"https:\/\/mah.ro\/hun\/wp-json\/wp\/v2\/media\/904"}],"wp:attachment":[{"href":"https:\/\/mah.ro\/hun\/wp-json\/wp\/v2\/media?parent=903"}],"wp:term":[{"taxonomy":"category","embeddable":true,"href":"https:\/\/mah.ro\/hun\/wp-json\/wp\/v2\/categories?post=903"},{"taxonomy":"post_tag","embeddable":true,"href":"https:\/\/mah.ro\/hun\/wp-json\/wp\/v2\/tags?post=903"}],"curies":[{"name":"wp","href":"https:\/\/api.w.org\/{rel}","templated":true}]}}