{"id":623,"date":"2016-06-14T11:30:50","date_gmt":"2016-06-14T11:30:50","guid":{"rendered":"http:\/\/mah.ro\/hun\/?p=623"},"modified":"2017-01-03T12:19:42","modified_gmt":"2017-01-03T12:19:42","slug":"szemetszetszoro-potkocsi-n-228","status":"publish","type":"post","link":"https:\/\/mah.ro\/hun\/szemetszetszoro-potkocsi-n-228\/","title":{"rendered":"Szem\u00e9tsz\u00e9tsz\u00f3r\u00f3 p\u00f3tkocsi  N-228"},"content":{"rendered":"<p><img loading=\"lazy\" decoding=\"async\" class=\"alignleft size-full wp-image-56\" src=\"http:\/\/mah.ro\/hun\/wp-content\/uploads\/N228.jpg\" alt=\"Ursus N228\" width=\"600\" height=\"424\" \/><\/p>\n<p>&nbsp;<\/p>\n<p>&nbsp;<\/p>\n<p>&nbsp;<\/p>\n<p>&nbsp;<\/p>\n<ul>\n<li>robusztus diz\u00e1jn<\/li>\n<li>t\u00f6k\u00e9letes a kis- \u00e9s k\u00f6zepes gazdas\u00e1gokra<\/li>\n<li>az anyag j\u00f3 sz\u00e9tsz\u00f3r\u00e1sa<\/li>\n<\/ul>\n<table border=\"0\" cellspacing=\"0\" cellpadding=\"0\">\n<tbody>\n<tr>\n<th width=\"40%\"><strong>M\u0171szaki adatok<\/strong><\/th>\n<th class=\"model\">N-228<\/th>\n<\/tr>\n<tr class=\"row\">\n<td>Terhelhet\u0151s\u00e9g (t)<\/td>\n<td style=\"text-align: center;\">4,5<\/td>\n<\/tr>\n<tr>\n<td>Felt\u00f6lt\u00e9si ter\u00fclet b\u0151v\u00edthet\u0151vel vagy\u00a0an\u00e9lk\u00fcl (m)<\/td>\n<td style=\"text-align: center;\">6,7\/4<\/td>\n<\/tr>\n<tr class=\"row\">\n<td>A traktor minim\u00e1lis ereje (LE)<\/td>\n<td style=\"text-align: center;\">48<\/td>\n<\/tr>\n<tr>\n<td>K\u00fcls\u0151 m\u00e9retek (mm)<\/td>\n<td style=\"text-align: center;\">5.700X2.055X2.900<\/td>\n<td><\/td>\n<\/tr>\n<tr class=\"row\">\n<td>Platforma bels\u0151 m\u00e9retei (mm)<\/td>\n<td style=\"text-align: center;\">3.890X1.740X600<\/td>\n<\/tr>\n<tr>\n<td>Kerekek<\/td>\n<td style=\"text-align: center;\">400\/60-1 5,5 14 R<\/td>\n<\/tr>\n<tr class=\"row\">\n<td>F\u00e9krendszer<\/td>\n<td style=\"text-align: center;\">pneumatikus, dupla<\/td>\n<\/tr>\n<tr class=\"row\">\n<td>Maxim\u00e1lis sebess\u00e9g (km\/h)<\/td>\n<td style=\"text-align: center;\">25<\/td>\n<\/tr>\n<tr>\n<td>S\u00faly a vontat\u00f3n (kg)<\/td>\n<td style=\"text-align: center;\">960<\/td>\n<\/tr>\n<\/tbody>\n<\/table>\n<h3 align=\"center\"><strong>Egy szem\u00e9lyre szabott aj\u00e1nlat\u00e9rt, k\u00e9rj\u00fck t\u00f6ltse ki az al\u00e1bbi \u0171rlapot. K\u00f6sz\u00f6nj\u00fck!<\/strong><\/h3>\n","protected":false},"excerpt":{"rendered":"<p>&nbsp; &nbsp; &nbsp; &nbsp; robusztus diz\u00e1jn t\u00f6k\u00e9letes a kis- \u00e9s k\u00f6zepes gazdas\u00e1gokra az anyag j\u00f3 sz\u00e9tsz\u00f3r\u00e1sa M\u0171szaki adatok N-228 Terhelhet\u0151s\u00e9g (t) 4,5 Felt\u00f6lt\u00e9si ter\u00fclet b\u0151v\u00edthet\u0151vel vagy\u00a0an\u00e9lk\u00fcl (m) 6,7\/4 A traktor minim\u00e1lis ereje (LE) 48 K\u00fcls\u0151 m\u00e9retek (mm) 5.700X2.055X2.900 Platforma bels\u0151 m\u00e9retei (mm) 3.890X1.740X600 Kerekek 400\/60-1 5,5 14 R F\u00e9krendszer pneumatikus, dupla Maxim\u00e1lis sebess\u00e9g (km\/h) 25 [&hellip;]<\/p>\n","protected":false},"author":1,"featured_media":574,"comment_status":"closed","ping_status":"closed","sticky":false,"template":"","format":"standard","meta":{"footnotes":""},"categories":[7,9],"tags":[],"class_list":["post-623","post","type-post","status-publish","format-standard","has-post-thumbnail","hentry","category-potkocsik","category-ursus-remorci"],"yoast_head":"<!-- This site is optimized with the Yoast SEO plugin v27.5 - https:\/\/yoast.com\/product\/yoast-seo-wordpress\/ -->\n<title>Szem\u00e9tsz\u00e9tsz\u00f3r\u00f3 p\u00f3tkocsi N-228 - MACOS &amp; HALL<\/title>\n<meta name=\"robots\" content=\"index, follow, max-snippet:-1, max-image-preview:large, max-video-preview:-1\" \/>\n<link rel=\"canonical\" href=\"https:\/\/mah.ro\/hun\/szemetszetszoro-potkocsi-n-228\/\" \/>\n<meta property=\"og:locale\" content=\"ro_RO\" \/>\n<meta property=\"og:type\" content=\"article\" \/>\n<meta property=\"og:title\" content=\"Szem\u00e9tsz\u00e9tsz\u00f3r\u00f3 p\u00f3tkocsi N-228 - MACOS &amp; HALL\" \/>\n<meta property=\"og:description\" content=\"&nbsp; &nbsp; &nbsp; &nbsp; robusztus diz\u00e1jn t\u00f6k\u00e9letes a kis- \u00e9s k\u00f6zepes gazdas\u00e1gokra az anyag j\u00f3 sz\u00e9tsz\u00f3r\u00e1sa M\u0171szaki adatok N-228 Terhelhet\u0151s\u00e9g (t) 4,5 Felt\u00f6lt\u00e9si ter\u00fclet b\u0151v\u00edthet\u0151vel vagy\u00a0an\u00e9lk\u00fcl (m) 6,7\/4 A traktor minim\u00e1lis ereje (LE) 48 K\u00fcls\u0151 m\u00e9retek (mm) 5.700X2.055X2.900 Platforma bels\u0151 m\u00e9retei (mm) 3.890X1.740X600 Kerekek 400\/60-1 5,5 14 R F\u00e9krendszer pneumatikus, dupla Maxim\u00e1lis sebess\u00e9g (km\/h) 25 [&hellip;]\" \/>\n<meta property=\"og:url\" content=\"https:\/\/mah.ro\/hun\/szemetszetszoro-potkocsi-n-228\/\" \/>\n<meta property=\"og:site_name\" content=\"MACOS &amp; HALL\" \/>\n<meta property=\"article:published_time\" content=\"2016-06-14T11:30:50+00:00\" \/>\n<meta property=\"article:modified_time\" content=\"2017-01-03T12:19:42+00:00\" \/>\n<meta property=\"og:image\" content=\"https:\/\/mah.ro\/hun\/wp-content\/uploads\/N228.jpg\" \/>\n\t<meta property=\"og:image:width\" content=\"600\" \/>\n\t<meta property=\"og:image:height\" content=\"424\" \/>\n\t<meta property=\"og:image:type\" content=\"image\/jpeg\" \/>\n<meta name=\"author\" content=\"readmin\" \/>\n<meta name=\"twitter:card\" content=\"summary_large_image\" \/>\n<meta name=\"twitter:label1\" content=\"Scris de\" \/>\n\t<meta name=\"twitter:data1\" content=\"readmin\" \/>\n\t<meta name=\"twitter:label2\" content=\"Timp estimat pentru citire\" \/>\n\t<meta name=\"twitter:data2\" content=\"1 minut\" \/>\n<script type=\"application\/ld+json\" class=\"yoast-schema-graph\">{\"@context\":\"https:\\\/\\\/schema.org\",\"@graph\":[{\"@type\":\"Article\",\"@id\":\"https:\\\/\\\/mah.ro\\\/hun\\\/szemetszetszoro-potkocsi-n-228\\\/#article\",\"isPartOf\":{\"@id\":\"https:\\\/\\\/mah.ro\\\/hun\\\/szemetszetszoro-potkocsi-n-228\\\/\"},\"author\":{\"name\":\"readmin\",\"@id\":\"https:\\\/\\\/mah.ro\\\/hun\\\/#\\\/schema\\\/person\\\/9f0881ddfd4c9e88798bc2b5a8c77e04\"},\"headline\":\"Szem\u00e9tsz\u00e9tsz\u00f3r\u00f3 p\u00f3tkocsi N-228\",\"datePublished\":\"2016-06-14T11:30:50+00:00\",\"dateModified\":\"2017-01-03T12:19:42+00:00\",\"mainEntityOfPage\":{\"@id\":\"https:\\\/\\\/mah.ro\\\/hun\\\/szemetszetszoro-potkocsi-n-228\\\/\"},\"wordCount\":113,\"publisher\":{\"@id\":\"https:\\\/\\\/mah.ro\\\/hun\\\/#organization\"},\"image\":{\"@id\":\"https:\\\/\\\/mah.ro\\\/hun\\\/szemetszetszoro-potkocsi-n-228\\\/#primaryimage\"},\"thumbnailUrl\":\"https:\\\/\\\/mah.ro\\\/hun\\\/wp-content\\\/uploads\\\/N228.jpg\",\"articleSection\":[\"P\u00f3tkocsik\",\"Ursus\"],\"inLanguage\":\"ro-RO\"},{\"@type\":\"WebPage\",\"@id\":\"https:\\\/\\\/mah.ro\\\/hun\\\/szemetszetszoro-potkocsi-n-228\\\/\",\"url\":\"https:\\\/\\\/mah.ro\\\/hun\\\/szemetszetszoro-potkocsi-n-228\\\/\",\"name\":\"Szem\u00e9tsz\u00e9tsz\u00f3r\u00f3 p\u00f3tkocsi N-228 - MACOS &amp; HALL\",\"isPartOf\":{\"@id\":\"https:\\\/\\\/mah.ro\\\/hun\\\/#website\"},\"primaryImageOfPage\":{\"@id\":\"https:\\\/\\\/mah.ro\\\/hun\\\/szemetszetszoro-potkocsi-n-228\\\/#primaryimage\"},\"image\":{\"@id\":\"https:\\\/\\\/mah.ro\\\/hun\\\/szemetszetszoro-potkocsi-n-228\\\/#primaryimage\"},\"thumbnailUrl\":\"https:\\\/\\\/mah.ro\\\/hun\\\/wp-content\\\/uploads\\\/N228.jpg\",\"datePublished\":\"2016-06-14T11:30:50+00:00\",\"dateModified\":\"2017-01-03T12:19:42+00:00\",\"breadcrumb\":{\"@id\":\"https:\\\/\\\/mah.ro\\\/hun\\\/szemetszetszoro-potkocsi-n-228\\\/#breadcrumb\"},\"inLanguage\":\"ro-RO\",\"potentialAction\":[{\"@type\":\"ReadAction\",\"target\":[\"https:\\\/\\\/mah.ro\\\/hun\\\/szemetszetszoro-potkocsi-n-228\\\/\"]}]},{\"@type\":\"ImageObject\",\"inLanguage\":\"ro-RO\",\"@id\":\"https:\\\/\\\/mah.ro\\\/hun\\\/szemetszetszoro-potkocsi-n-228\\\/#primaryimage\",\"url\":\"https:\\\/\\\/mah.ro\\\/hun\\\/wp-content\\\/uploads\\\/N228.jpg\",\"contentUrl\":\"https:\\\/\\\/mah.ro\\\/hun\\\/wp-content\\\/uploads\\\/N228.jpg\",\"width\":600,\"height\":424},{\"@type\":\"BreadcrumbList\",\"@id\":\"https:\\\/\\\/mah.ro\\\/hun\\\/szemetszetszoro-potkocsi-n-228\\\/#breadcrumb\",\"itemListElement\":[{\"@type\":\"ListItem\",\"position\":1,\"name\":\"Home\",\"item\":\"https:\\\/\\\/mah.ro\\\/hun\\\/\"},{\"@type\":\"ListItem\",\"position\":2,\"name\":\"Szem\u00e9tsz\u00e9tsz\u00f3r\u00f3 p\u00f3tkocsi N-228\"}]},{\"@type\":\"WebSite\",\"@id\":\"https:\\\/\\\/mah.ro\\\/hun\\\/#website\",\"url\":\"https:\\\/\\\/mah.ro\\\/hun\\\/\",\"name\":\"MACOS &amp; HALL\",\"description\":\"Mez\u0151gazdas\u00e1gi g\u00e9pek nemzetk\u00f6zi forgalmaz\u00f3ja.\",\"publisher\":{\"@id\":\"https:\\\/\\\/mah.ro\\\/hun\\\/#organization\"},\"potentialAction\":[{\"@type\":\"SearchAction\",\"target\":{\"@type\":\"EntryPoint\",\"urlTemplate\":\"https:\\\/\\\/mah.ro\\\/hun\\\/?s={search_term_string}\"},\"query-input\":{\"@type\":\"PropertyValueSpecification\",\"valueRequired\":true,\"valueName\":\"search_term_string\"}}],\"inLanguage\":\"ro-RO\"},{\"@type\":\"Organization\",\"@id\":\"https:\\\/\\\/mah.ro\\\/hun\\\/#organization\",\"name\":\"MACOS & HALL\",\"url\":\"https:\\\/\\\/mah.ro\\\/hun\\\/\",\"logo\":{\"@type\":\"ImageObject\",\"inLanguage\":\"ro-RO\",\"@id\":\"https:\\\/\\\/mah.ro\\\/hun\\\/#\\\/schema\\\/logo\\\/image\\\/\",\"url\":\"https:\\\/\\\/mah.ro\\\/hun\\\/wp-content\\\/uploads\\\/sigla-RED-Macos-Hall.jpg\",\"contentUrl\":\"https:\\\/\\\/mah.ro\\\/hun\\\/wp-content\\\/uploads\\\/sigla-RED-Macos-Hall.jpg\",\"width\":1128,\"height\":178,\"caption\":\"MACOS & HALL\"},\"image\":{\"@id\":\"https:\\\/\\\/mah.ro\\\/hun\\\/#\\\/schema\\\/logo\\\/image\\\/\"}},{\"@type\":\"Person\",\"@id\":\"https:\\\/\\\/mah.ro\\\/hun\\\/#\\\/schema\\\/person\\\/9f0881ddfd4c9e88798bc2b5a8c77e04\",\"name\":\"readmin\",\"url\":\"https:\\\/\\\/mah.ro\\\/hun\\\/author\\\/readmin\\\/\"}]}<\/script>\n<!-- \/ Yoast SEO plugin. -->","yoast_head_json":{"title":"Szem\u00e9tsz\u00e9tsz\u00f3r\u00f3 p\u00f3tkocsi N-228 - MACOS &amp; HALL","robots":{"index":"index","follow":"follow","max-snippet":"max-snippet:-1","max-image-preview":"max-image-preview:large","max-video-preview":"max-video-preview:-1"},"canonical":"https:\/\/mah.ro\/hun\/szemetszetszoro-potkocsi-n-228\/","og_locale":"ro_RO","og_type":"article","og_title":"Szem\u00e9tsz\u00e9tsz\u00f3r\u00f3 p\u00f3tkocsi N-228 - MACOS &amp; HALL","og_description":"&nbsp; &nbsp; &nbsp; &nbsp; robusztus diz\u00e1jn t\u00f6k\u00e9letes a kis- \u00e9s k\u00f6zepes gazdas\u00e1gokra az anyag j\u00f3 sz\u00e9tsz\u00f3r\u00e1sa M\u0171szaki adatok N-228 Terhelhet\u0151s\u00e9g (t) 4,5 Felt\u00f6lt\u00e9si ter\u00fclet b\u0151v\u00edthet\u0151vel vagy\u00a0an\u00e9lk\u00fcl (m) 6,7\/4 A traktor minim\u00e1lis ereje (LE) 48 K\u00fcls\u0151 m\u00e9retek (mm) 5.700X2.055X2.900 Platforma bels\u0151 m\u00e9retei (mm) 3.890X1.740X600 Kerekek 400\/60-1 5,5 14 R F\u00e9krendszer pneumatikus, dupla Maxim\u00e1lis sebess\u00e9g (km\/h) 25 [&hellip;]","og_url":"https:\/\/mah.ro\/hun\/szemetszetszoro-potkocsi-n-228\/","og_site_name":"MACOS &amp; HALL","article_published_time":"2016-06-14T11:30:50+00:00","article_modified_time":"2017-01-03T12:19:42+00:00","og_image":[{"width":600,"height":424,"url":"https:\/\/mah.ro\/hun\/wp-content\/uploads\/N228.jpg","type":"image\/jpeg"}],"author":"readmin","twitter_card":"summary_large_image","twitter_misc":{"Scris de":"readmin","Timp estimat pentru citire":"1 minut"},"schema":{"@context":"https:\/\/schema.org","@graph":[{"@type":"Article","@id":"https:\/\/mah.ro\/hun\/szemetszetszoro-potkocsi-n-228\/#article","isPartOf":{"@id":"https:\/\/mah.ro\/hun\/szemetszetszoro-potkocsi-n-228\/"},"author":{"name":"readmin","@id":"https:\/\/mah.ro\/hun\/#\/schema\/person\/9f0881ddfd4c9e88798bc2b5a8c77e04"},"headline":"Szem\u00e9tsz\u00e9tsz\u00f3r\u00f3 p\u00f3tkocsi N-228","datePublished":"2016-06-14T11:30:50+00:00","dateModified":"2017-01-03T12:19:42+00:00","mainEntityOfPage":{"@id":"https:\/\/mah.ro\/hun\/szemetszetszoro-potkocsi-n-228\/"},"wordCount":113,"publisher":{"@id":"https:\/\/mah.ro\/hun\/#organization"},"image":{"@id":"https:\/\/mah.ro\/hun\/szemetszetszoro-potkocsi-n-228\/#primaryimage"},"thumbnailUrl":"https:\/\/mah.ro\/hun\/wp-content\/uploads\/N228.jpg","articleSection":["P\u00f3tkocsik","Ursus"],"inLanguage":"ro-RO"},{"@type":"WebPage","@id":"https:\/\/mah.ro\/hun\/szemetszetszoro-potkocsi-n-228\/","url":"https:\/\/mah.ro\/hun\/szemetszetszoro-potkocsi-n-228\/","name":"Szem\u00e9tsz\u00e9tsz\u00f3r\u00f3 p\u00f3tkocsi N-228 - MACOS &amp; HALL","isPartOf":{"@id":"https:\/\/mah.ro\/hun\/#website"},"primaryImageOfPage":{"@id":"https:\/\/mah.ro\/hun\/szemetszetszoro-potkocsi-n-228\/#primaryimage"},"image":{"@id":"https:\/\/mah.ro\/hun\/szemetszetszoro-potkocsi-n-228\/#primaryimage"},"thumbnailUrl":"https:\/\/mah.ro\/hun\/wp-content\/uploads\/N228.jpg","datePublished":"2016-06-14T11:30:50+00:00","dateModified":"2017-01-03T12:19:42+00:00","breadcrumb":{"@id":"https:\/\/mah.ro\/hun\/szemetszetszoro-potkocsi-n-228\/#breadcrumb"},"inLanguage":"ro-RO","potentialAction":[{"@type":"ReadAction","target":["https:\/\/mah.ro\/hun\/szemetszetszoro-potkocsi-n-228\/"]}]},{"@type":"ImageObject","inLanguage":"ro-RO","@id":"https:\/\/mah.ro\/hun\/szemetszetszoro-potkocsi-n-228\/#primaryimage","url":"https:\/\/mah.ro\/hun\/wp-content\/uploads\/N228.jpg","contentUrl":"https:\/\/mah.ro\/hun\/wp-content\/uploads\/N228.jpg","width":600,"height":424},{"@type":"BreadcrumbList","@id":"https:\/\/mah.ro\/hun\/szemetszetszoro-potkocsi-n-228\/#breadcrumb","itemListElement":[{"@type":"ListItem","position":1,"name":"Home","item":"https:\/\/mah.ro\/hun\/"},{"@type":"ListItem","position":2,"name":"Szem\u00e9tsz\u00e9tsz\u00f3r\u00f3 p\u00f3tkocsi N-228"}]},{"@type":"WebSite","@id":"https:\/\/mah.ro\/hun\/#website","url":"https:\/\/mah.ro\/hun\/","name":"MACOS &amp; HALL","description":"Mez\u0151gazdas\u00e1gi g\u00e9pek nemzetk\u00f6zi forgalmaz\u00f3ja.","publisher":{"@id":"https:\/\/mah.ro\/hun\/#organization"},"potentialAction":[{"@type":"SearchAction","target":{"@type":"EntryPoint","urlTemplate":"https:\/\/mah.ro\/hun\/?s={search_term_string}"},"query-input":{"@type":"PropertyValueSpecification","valueRequired":true,"valueName":"search_term_string"}}],"inLanguage":"ro-RO"},{"@type":"Organization","@id":"https:\/\/mah.ro\/hun\/#organization","name":"MACOS & HALL","url":"https:\/\/mah.ro\/hun\/","logo":{"@type":"ImageObject","inLanguage":"ro-RO","@id":"https:\/\/mah.ro\/hun\/#\/schema\/logo\/image\/","url":"https:\/\/mah.ro\/hun\/wp-content\/uploads\/sigla-RED-Macos-Hall.jpg","contentUrl":"https:\/\/mah.ro\/hun\/wp-content\/uploads\/sigla-RED-Macos-Hall.jpg","width":1128,"height":178,"caption":"MACOS & HALL"},"image":{"@id":"https:\/\/mah.ro\/hun\/#\/schema\/logo\/image\/"}},{"@type":"Person","@id":"https:\/\/mah.ro\/hun\/#\/schema\/person\/9f0881ddfd4c9e88798bc2b5a8c77e04","name":"readmin","url":"https:\/\/mah.ro\/hun\/author\/readmin\/"}]}},"_links":{"self":[{"href":"https:\/\/mah.ro\/hun\/wp-json\/wp\/v2\/posts\/623","targetHints":{"allow":["GET"]}}],"collection":[{"href":"https:\/\/mah.ro\/hun\/wp-json\/wp\/v2\/posts"}],"about":[{"href":"https:\/\/mah.ro\/hun\/wp-json\/wp\/v2\/types\/post"}],"author":[{"embeddable":true,"href":"https:\/\/mah.ro\/hun\/wp-json\/wp\/v2\/users\/1"}],"replies":[{"embeddable":true,"href":"https:\/\/mah.ro\/hun\/wp-json\/wp\/v2\/comments?post=623"}],"version-history":[{"count":0,"href":"https:\/\/mah.ro\/hun\/wp-json\/wp\/v2\/posts\/623\/revisions"}],"wp:featuredmedia":[{"embeddable":true,"href":"https:\/\/mah.ro\/hun\/wp-json\/wp\/v2\/media\/574"}],"wp:attachment":[{"href":"https:\/\/mah.ro\/hun\/wp-json\/wp\/v2\/media?parent=623"}],"wp:term":[{"taxonomy":"category","embeddable":true,"href":"https:\/\/mah.ro\/hun\/wp-json\/wp\/v2\/categories?post=623"},{"taxonomy":"post_tag","embeddable":true,"href":"https:\/\/mah.ro\/hun\/wp-json\/wp\/v2\/tags?post=623"}],"curies":[{"name":"wp","href":"https:\/\/api.w.org\/{rel}","templated":true}]}}