{"id":603,"date":"2016-06-14T10:33:37","date_gmt":"2016-06-14T10:33:37","guid":{"rendered":"http:\/\/mah.ro\/hun\/?p=603"},"modified":"2017-01-03T12:29:33","modified_gmt":"2017-01-03T12:29:33","slug":"onrakodo-potkocsi-balaknak","status":"publish","type":"post","link":"https:\/\/mah.ro\/hun\/onrakodo-potkocsi-balaknak\/","title":{"rendered":"\u00d6nrakod\u00f3 p\u00f3tkocsi b\u00e1l\u00e1knak"},"content":{"rendered":"<p><img loading=\"lazy\" decoding=\"async\" class=\"aligncenter size-full wp-image-56\" src=\"http:\/\/mah.ro\/hun\/wp-content\/uploads\/T127.jpg\" alt=\"Remorc\u0103 auto\u00eenc\u0103rc\u0103toare balo\u021bi\" width=\"600\" height=\"424\" \/><\/p>\n<table border=\"0\" cellspacing=\"0\" cellpadding=\"0\">\n<tbody>\n<tr>\n<th width=\"40%\"><strong>\u00a0M\u0171szaki adatok<\/strong><\/th>\n<th class=\"model\">T-127<\/th>\n<\/tr>\n<tr class=\"row\">\n<td>Rakom\u00e1ny kapacit\u00e1sa (kg)<\/td>\n<td style=\"text-align: center;\">3600<\/td>\n<\/tr>\n<tr>\n<td>A traktor minim\u00e1lis ereje (LE)<\/td>\n<td style=\"text-align: center;\">68<\/td>\n<\/tr>\n<tr class=\"row\">\n<td>A b\u00e1l\u00e1k maxim\u00e1lis \u00e1tm\u00e9r\u0151je (mm)<\/td>\n<td style=\"text-align: center;\">1.200-1.750<\/td>\n<\/tr>\n<tr>\n<td>A b\u00e1l\u00e1k maxim\u00e1lis sz\u00e9less\u00e9ge (mm)<\/td>\n<td style=\"text-align: center;\">1.200<\/td>\n<\/tr>\n<tr class=\"row\">\n<td>A b\u00e1l\u00e1k maxim\u00e1lis s\u00falya (kg)<\/td>\n<td style=\"text-align: center;\">1.200<\/td>\n<\/tr>\n<tr>\n<td>\u00d3nrakod\u00f3 p\u00f3tkocsi m\u00e9retei (mm)<\/td>\n<td style=\"text-align: center;\">6.530X2.550X2.980<\/td>\n<\/tr>\n<tr class=\"row\">\n<td>S\u00faly (kg)<\/td>\n<td style=\"text-align: center;\">2.050<\/td>\n<\/tr>\n<tr>\n<td>S\u00faly a vontat\u00f3n (kg)<\/td>\n<td style=\"text-align: center;\">1.340<\/td>\n<\/tr>\n<tr class=\"row\">\n<td>A p\u00f3tkocsi bels\u0151 m\u00e9retei (mm)<\/td>\n<td style=\"text-align: center;\">5.060X2.380<\/td>\n<\/tr>\n<tr>\n<td>\u00dcr\u00edt\u00e9s<\/td>\n<td style=\"text-align: center;\">H\u00e1tul 91 fokos sz\u00f6g<\/td>\n<\/tr>\n<tr class=\"row\">\n<td>Maxim\u00e1lis vontat\u00e1si sebess\u00e9g (km\/h)<\/td>\n<td style=\"text-align: center;\">25<\/td>\n<\/tr>\n<tr>\n<td>Kerekek<\/td>\n<td style=\"text-align: center;\">400\/60 &#8211; 15.5 14PR<\/td>\n<\/tr>\n<\/tbody>\n<\/table>\n<h3 align=\"center\"><strong>Egy szem\u00e9lyre szabott aj\u00e1nlat\u00e9rt, k\u00e9rj\u00fck t\u00f6ltse ki az al\u00e1bbi \u0171rlapot. K\u00f6sz\u00f6nj\u00fck!<\/strong><\/h3>\n","protected":false},"excerpt":{"rendered":"<p>\u00a0M\u0171szaki adatok T-127 Rakom\u00e1ny kapacit\u00e1sa (kg) 3600 A traktor minim\u00e1lis ereje (LE) 68 A b\u00e1l\u00e1k maxim\u00e1lis \u00e1tm\u00e9r\u0151je (mm) 1.200-1.750 A b\u00e1l\u00e1k maxim\u00e1lis sz\u00e9less\u00e9ge (mm) 1.200 A b\u00e1l\u00e1k maxim\u00e1lis s\u00falya (kg) 1.200 \u00d3nrakod\u00f3 p\u00f3tkocsi m\u00e9retei (mm) 6.530X2.550X2.980 S\u00faly (kg) 2.050 S\u00faly a vontat\u00f3n (kg) 1.340 A p\u00f3tkocsi bels\u0151 m\u00e9retei (mm) 5.060X2.380 \u00dcr\u00edt\u00e9s H\u00e1tul 91 fokos sz\u00f6g [&hellip;]<\/p>\n","protected":false},"author":1,"featured_media":577,"comment_status":"closed","ping_status":"closed","sticky":false,"template":"","format":"standard","meta":{"footnotes":""},"categories":[12],"tags":[],"class_list":["post-603","post","type-post","status-publish","format-standard","has-post-thumbnail","hentry","category-szena-szalma-takarmany"],"yoast_head":"<!-- This site is optimized with the Yoast SEO plugin v27.5 - https:\/\/yoast.com\/product\/yoast-seo-wordpress\/ -->\n<title>\u00d6nrakod\u00f3 p\u00f3tkocsi b\u00e1l\u00e1knak - MACOS &amp; HALL<\/title>\n<meta name=\"robots\" content=\"index, follow, max-snippet:-1, max-image-preview:large, max-video-preview:-1\" \/>\n<link rel=\"canonical\" href=\"https:\/\/mah.ro\/hun\/onrakodo-potkocsi-balaknak\/\" \/>\n<meta property=\"og:locale\" content=\"ro_RO\" \/>\n<meta property=\"og:type\" content=\"article\" \/>\n<meta property=\"og:title\" content=\"\u00d6nrakod\u00f3 p\u00f3tkocsi b\u00e1l\u00e1knak - MACOS &amp; HALL\" \/>\n<meta property=\"og:description\" content=\"\u00a0M\u0171szaki adatok T-127 Rakom\u00e1ny kapacit\u00e1sa (kg) 3600 A traktor minim\u00e1lis ereje (LE) 68 A b\u00e1l\u00e1k maxim\u00e1lis \u00e1tm\u00e9r\u0151je (mm) 1.200-1.750 A b\u00e1l\u00e1k maxim\u00e1lis sz\u00e9less\u00e9ge (mm) 1.200 A b\u00e1l\u00e1k maxim\u00e1lis s\u00falya (kg) 1.200 \u00d3nrakod\u00f3 p\u00f3tkocsi m\u00e9retei (mm) 6.530X2.550X2.980 S\u00faly (kg) 2.050 S\u00faly a vontat\u00f3n (kg) 1.340 A p\u00f3tkocsi bels\u0151 m\u00e9retei (mm) 5.060X2.380 \u00dcr\u00edt\u00e9s H\u00e1tul 91 fokos sz\u00f6g [&hellip;]\" \/>\n<meta property=\"og:url\" content=\"https:\/\/mah.ro\/hun\/onrakodo-potkocsi-balaknak\/\" \/>\n<meta property=\"og:site_name\" content=\"MACOS &amp; HALL\" \/>\n<meta property=\"article:published_time\" content=\"2016-06-14T10:33:37+00:00\" \/>\n<meta property=\"article:modified_time\" content=\"2017-01-03T12:29:33+00:00\" \/>\n<meta property=\"og:image\" content=\"https:\/\/mah.ro\/hun\/wp-content\/uploads\/T127.jpg\" \/>\n\t<meta property=\"og:image:width\" content=\"600\" \/>\n\t<meta property=\"og:image:height\" content=\"424\" \/>\n\t<meta property=\"og:image:type\" content=\"image\/jpeg\" \/>\n<meta name=\"author\" content=\"readmin\" \/>\n<meta name=\"twitter:card\" content=\"summary_large_image\" \/>\n<meta name=\"twitter:label1\" content=\"Scris de\" \/>\n\t<meta name=\"twitter:data1\" content=\"readmin\" \/>\n\t<meta name=\"twitter:label2\" content=\"Timp estimat pentru citire\" \/>\n\t<meta name=\"twitter:data2\" content=\"1 minut\" \/>\n<script type=\"application\/ld+json\" class=\"yoast-schema-graph\">{\"@context\":\"https:\\\/\\\/schema.org\",\"@graph\":[{\"@type\":\"Article\",\"@id\":\"https:\\\/\\\/mah.ro\\\/hun\\\/onrakodo-potkocsi-balaknak\\\/#article\",\"isPartOf\":{\"@id\":\"https:\\\/\\\/mah.ro\\\/hun\\\/onrakodo-potkocsi-balaknak\\\/\"},\"author\":{\"name\":\"readmin\",\"@id\":\"https:\\\/\\\/mah.ro\\\/hun\\\/#\\\/schema\\\/person\\\/9f0881ddfd4c9e88798bc2b5a8c77e04\"},\"headline\":\"\u00d6nrakod\u00f3 p\u00f3tkocsi b\u00e1l\u00e1knak\",\"datePublished\":\"2016-06-14T10:33:37+00:00\",\"dateModified\":\"2017-01-03T12:29:33+00:00\",\"mainEntityOfPage\":{\"@id\":\"https:\\\/\\\/mah.ro\\\/hun\\\/onrakodo-potkocsi-balaknak\\\/\"},\"wordCount\":116,\"publisher\":{\"@id\":\"https:\\\/\\\/mah.ro\\\/hun\\\/#organization\"},\"image\":{\"@id\":\"https:\\\/\\\/mah.ro\\\/hun\\\/onrakodo-potkocsi-balaknak\\\/#primaryimage\"},\"thumbnailUrl\":\"https:\\\/\\\/mah.ro\\\/hun\\\/wp-content\\\/uploads\\\/T127.jpg\",\"articleSection\":[\"Sz\u00e9na, szalma \u00e9s takarm\u00e1ny felszerel\u00e9sek\"],\"inLanguage\":\"ro-RO\"},{\"@type\":\"WebPage\",\"@id\":\"https:\\\/\\\/mah.ro\\\/hun\\\/onrakodo-potkocsi-balaknak\\\/\",\"url\":\"https:\\\/\\\/mah.ro\\\/hun\\\/onrakodo-potkocsi-balaknak\\\/\",\"name\":\"\u00d6nrakod\u00f3 p\u00f3tkocsi b\u00e1l\u00e1knak - MACOS &amp; HALL\",\"isPartOf\":{\"@id\":\"https:\\\/\\\/mah.ro\\\/hun\\\/#website\"},\"primaryImageOfPage\":{\"@id\":\"https:\\\/\\\/mah.ro\\\/hun\\\/onrakodo-potkocsi-balaknak\\\/#primaryimage\"},\"image\":{\"@id\":\"https:\\\/\\\/mah.ro\\\/hun\\\/onrakodo-potkocsi-balaknak\\\/#primaryimage\"},\"thumbnailUrl\":\"https:\\\/\\\/mah.ro\\\/hun\\\/wp-content\\\/uploads\\\/T127.jpg\",\"datePublished\":\"2016-06-14T10:33:37+00:00\",\"dateModified\":\"2017-01-03T12:29:33+00:00\",\"breadcrumb\":{\"@id\":\"https:\\\/\\\/mah.ro\\\/hun\\\/onrakodo-potkocsi-balaknak\\\/#breadcrumb\"},\"inLanguage\":\"ro-RO\",\"potentialAction\":[{\"@type\":\"ReadAction\",\"target\":[\"https:\\\/\\\/mah.ro\\\/hun\\\/onrakodo-potkocsi-balaknak\\\/\"]}]},{\"@type\":\"ImageObject\",\"inLanguage\":\"ro-RO\",\"@id\":\"https:\\\/\\\/mah.ro\\\/hun\\\/onrakodo-potkocsi-balaknak\\\/#primaryimage\",\"url\":\"https:\\\/\\\/mah.ro\\\/hun\\\/wp-content\\\/uploads\\\/T127.jpg\",\"contentUrl\":\"https:\\\/\\\/mah.ro\\\/hun\\\/wp-content\\\/uploads\\\/T127.jpg\",\"width\":600,\"height\":424},{\"@type\":\"BreadcrumbList\",\"@id\":\"https:\\\/\\\/mah.ro\\\/hun\\\/onrakodo-potkocsi-balaknak\\\/#breadcrumb\",\"itemListElement\":[{\"@type\":\"ListItem\",\"position\":1,\"name\":\"Home\",\"item\":\"https:\\\/\\\/mah.ro\\\/hun\\\/\"},{\"@type\":\"ListItem\",\"position\":2,\"name\":\"\u00d6nrakod\u00f3 p\u00f3tkocsi b\u00e1l\u00e1knak\"}]},{\"@type\":\"WebSite\",\"@id\":\"https:\\\/\\\/mah.ro\\\/hun\\\/#website\",\"url\":\"https:\\\/\\\/mah.ro\\\/hun\\\/\",\"name\":\"MACOS &amp; HALL\",\"description\":\"Mez\u0151gazdas\u00e1gi g\u00e9pek nemzetk\u00f6zi forgalmaz\u00f3ja.\",\"publisher\":{\"@id\":\"https:\\\/\\\/mah.ro\\\/hun\\\/#organization\"},\"potentialAction\":[{\"@type\":\"SearchAction\",\"target\":{\"@type\":\"EntryPoint\",\"urlTemplate\":\"https:\\\/\\\/mah.ro\\\/hun\\\/?s={search_term_string}\"},\"query-input\":{\"@type\":\"PropertyValueSpecification\",\"valueRequired\":true,\"valueName\":\"search_term_string\"}}],\"inLanguage\":\"ro-RO\"},{\"@type\":\"Organization\",\"@id\":\"https:\\\/\\\/mah.ro\\\/hun\\\/#organization\",\"name\":\"MACOS & HALL\",\"url\":\"https:\\\/\\\/mah.ro\\\/hun\\\/\",\"logo\":{\"@type\":\"ImageObject\",\"inLanguage\":\"ro-RO\",\"@id\":\"https:\\\/\\\/mah.ro\\\/hun\\\/#\\\/schema\\\/logo\\\/image\\\/\",\"url\":\"https:\\\/\\\/mah.ro\\\/hun\\\/wp-content\\\/uploads\\\/sigla-RED-Macos-Hall.jpg\",\"contentUrl\":\"https:\\\/\\\/mah.ro\\\/hun\\\/wp-content\\\/uploads\\\/sigla-RED-Macos-Hall.jpg\",\"width\":1128,\"height\":178,\"caption\":\"MACOS & HALL\"},\"image\":{\"@id\":\"https:\\\/\\\/mah.ro\\\/hun\\\/#\\\/schema\\\/logo\\\/image\\\/\"}},{\"@type\":\"Person\",\"@id\":\"https:\\\/\\\/mah.ro\\\/hun\\\/#\\\/schema\\\/person\\\/9f0881ddfd4c9e88798bc2b5a8c77e04\",\"name\":\"readmin\",\"url\":\"https:\\\/\\\/mah.ro\\\/hun\\\/author\\\/readmin\\\/\"}]}<\/script>\n<!-- \/ Yoast SEO plugin. -->","yoast_head_json":{"title":"\u00d6nrakod\u00f3 p\u00f3tkocsi b\u00e1l\u00e1knak - MACOS &amp; HALL","robots":{"index":"index","follow":"follow","max-snippet":"max-snippet:-1","max-image-preview":"max-image-preview:large","max-video-preview":"max-video-preview:-1"},"canonical":"https:\/\/mah.ro\/hun\/onrakodo-potkocsi-balaknak\/","og_locale":"ro_RO","og_type":"article","og_title":"\u00d6nrakod\u00f3 p\u00f3tkocsi b\u00e1l\u00e1knak - MACOS &amp; HALL","og_description":"\u00a0M\u0171szaki adatok T-127 Rakom\u00e1ny kapacit\u00e1sa (kg) 3600 A traktor minim\u00e1lis ereje (LE) 68 A b\u00e1l\u00e1k maxim\u00e1lis \u00e1tm\u00e9r\u0151je (mm) 1.200-1.750 A b\u00e1l\u00e1k maxim\u00e1lis sz\u00e9less\u00e9ge (mm) 1.200 A b\u00e1l\u00e1k maxim\u00e1lis s\u00falya (kg) 1.200 \u00d3nrakod\u00f3 p\u00f3tkocsi m\u00e9retei (mm) 6.530X2.550X2.980 S\u00faly (kg) 2.050 S\u00faly a vontat\u00f3n (kg) 1.340 A p\u00f3tkocsi bels\u0151 m\u00e9retei (mm) 5.060X2.380 \u00dcr\u00edt\u00e9s H\u00e1tul 91 fokos sz\u00f6g [&hellip;]","og_url":"https:\/\/mah.ro\/hun\/onrakodo-potkocsi-balaknak\/","og_site_name":"MACOS &amp; HALL","article_published_time":"2016-06-14T10:33:37+00:00","article_modified_time":"2017-01-03T12:29:33+00:00","og_image":[{"width":600,"height":424,"url":"https:\/\/mah.ro\/hun\/wp-content\/uploads\/T127.jpg","type":"image\/jpeg"}],"author":"readmin","twitter_card":"summary_large_image","twitter_misc":{"Scris de":"readmin","Timp estimat pentru citire":"1 minut"},"schema":{"@context":"https:\/\/schema.org","@graph":[{"@type":"Article","@id":"https:\/\/mah.ro\/hun\/onrakodo-potkocsi-balaknak\/#article","isPartOf":{"@id":"https:\/\/mah.ro\/hun\/onrakodo-potkocsi-balaknak\/"},"author":{"name":"readmin","@id":"https:\/\/mah.ro\/hun\/#\/schema\/person\/9f0881ddfd4c9e88798bc2b5a8c77e04"},"headline":"\u00d6nrakod\u00f3 p\u00f3tkocsi b\u00e1l\u00e1knak","datePublished":"2016-06-14T10:33:37+00:00","dateModified":"2017-01-03T12:29:33+00:00","mainEntityOfPage":{"@id":"https:\/\/mah.ro\/hun\/onrakodo-potkocsi-balaknak\/"},"wordCount":116,"publisher":{"@id":"https:\/\/mah.ro\/hun\/#organization"},"image":{"@id":"https:\/\/mah.ro\/hun\/onrakodo-potkocsi-balaknak\/#primaryimage"},"thumbnailUrl":"https:\/\/mah.ro\/hun\/wp-content\/uploads\/T127.jpg","articleSection":["Sz\u00e9na, szalma \u00e9s takarm\u00e1ny felszerel\u00e9sek"],"inLanguage":"ro-RO"},{"@type":"WebPage","@id":"https:\/\/mah.ro\/hun\/onrakodo-potkocsi-balaknak\/","url":"https:\/\/mah.ro\/hun\/onrakodo-potkocsi-balaknak\/","name":"\u00d6nrakod\u00f3 p\u00f3tkocsi b\u00e1l\u00e1knak - MACOS &amp; HALL","isPartOf":{"@id":"https:\/\/mah.ro\/hun\/#website"},"primaryImageOfPage":{"@id":"https:\/\/mah.ro\/hun\/onrakodo-potkocsi-balaknak\/#primaryimage"},"image":{"@id":"https:\/\/mah.ro\/hun\/onrakodo-potkocsi-balaknak\/#primaryimage"},"thumbnailUrl":"https:\/\/mah.ro\/hun\/wp-content\/uploads\/T127.jpg","datePublished":"2016-06-14T10:33:37+00:00","dateModified":"2017-01-03T12:29:33+00:00","breadcrumb":{"@id":"https:\/\/mah.ro\/hun\/onrakodo-potkocsi-balaknak\/#breadcrumb"},"inLanguage":"ro-RO","potentialAction":[{"@type":"ReadAction","target":["https:\/\/mah.ro\/hun\/onrakodo-potkocsi-balaknak\/"]}]},{"@type":"ImageObject","inLanguage":"ro-RO","@id":"https:\/\/mah.ro\/hun\/onrakodo-potkocsi-balaknak\/#primaryimage","url":"https:\/\/mah.ro\/hun\/wp-content\/uploads\/T127.jpg","contentUrl":"https:\/\/mah.ro\/hun\/wp-content\/uploads\/T127.jpg","width":600,"height":424},{"@type":"BreadcrumbList","@id":"https:\/\/mah.ro\/hun\/onrakodo-potkocsi-balaknak\/#breadcrumb","itemListElement":[{"@type":"ListItem","position":1,"name":"Home","item":"https:\/\/mah.ro\/hun\/"},{"@type":"ListItem","position":2,"name":"\u00d6nrakod\u00f3 p\u00f3tkocsi b\u00e1l\u00e1knak"}]},{"@type":"WebSite","@id":"https:\/\/mah.ro\/hun\/#website","url":"https:\/\/mah.ro\/hun\/","name":"MACOS &amp; HALL","description":"Mez\u0151gazdas\u00e1gi g\u00e9pek nemzetk\u00f6zi forgalmaz\u00f3ja.","publisher":{"@id":"https:\/\/mah.ro\/hun\/#organization"},"potentialAction":[{"@type":"SearchAction","target":{"@type":"EntryPoint","urlTemplate":"https:\/\/mah.ro\/hun\/?s={search_term_string}"},"query-input":{"@type":"PropertyValueSpecification","valueRequired":true,"valueName":"search_term_string"}}],"inLanguage":"ro-RO"},{"@type":"Organization","@id":"https:\/\/mah.ro\/hun\/#organization","name":"MACOS & HALL","url":"https:\/\/mah.ro\/hun\/","logo":{"@type":"ImageObject","inLanguage":"ro-RO","@id":"https:\/\/mah.ro\/hun\/#\/schema\/logo\/image\/","url":"https:\/\/mah.ro\/hun\/wp-content\/uploads\/sigla-RED-Macos-Hall.jpg","contentUrl":"https:\/\/mah.ro\/hun\/wp-content\/uploads\/sigla-RED-Macos-Hall.jpg","width":1128,"height":178,"caption":"MACOS & HALL"},"image":{"@id":"https:\/\/mah.ro\/hun\/#\/schema\/logo\/image\/"}},{"@type":"Person","@id":"https:\/\/mah.ro\/hun\/#\/schema\/person\/9f0881ddfd4c9e88798bc2b5a8c77e04","name":"readmin","url":"https:\/\/mah.ro\/hun\/author\/readmin\/"}]}},"_links":{"self":[{"href":"https:\/\/mah.ro\/hun\/wp-json\/wp\/v2\/posts\/603","targetHints":{"allow":["GET"]}}],"collection":[{"href":"https:\/\/mah.ro\/hun\/wp-json\/wp\/v2\/posts"}],"about":[{"href":"https:\/\/mah.ro\/hun\/wp-json\/wp\/v2\/types\/post"}],"author":[{"embeddable":true,"href":"https:\/\/mah.ro\/hun\/wp-json\/wp\/v2\/users\/1"}],"replies":[{"embeddable":true,"href":"https:\/\/mah.ro\/hun\/wp-json\/wp\/v2\/comments?post=603"}],"version-history":[{"count":0,"href":"https:\/\/mah.ro\/hun\/wp-json\/wp\/v2\/posts\/603\/revisions"}],"wp:featuredmedia":[{"embeddable":true,"href":"https:\/\/mah.ro\/hun\/wp-json\/wp\/v2\/media\/577"}],"wp:attachment":[{"href":"https:\/\/mah.ro\/hun\/wp-json\/wp\/v2\/media?parent=603"}],"wp:term":[{"taxonomy":"category","embeddable":true,"href":"https:\/\/mah.ro\/hun\/wp-json\/wp\/v2\/categories?post=603"},{"taxonomy":"post_tag","embeddable":true,"href":"https:\/\/mah.ro\/hun\/wp-json\/wp\/v2\/tags?post=603"}],"curies":[{"name":"wp","href":"https:\/\/api.w.org\/{rel}","templated":true}]}}