{"id":486,"date":"2016-06-13T10:34:12","date_gmt":"2016-06-13T10:34:12","guid":{"rendered":"http:\/\/mah.ro\/hun\/?p=486"},"modified":"2017-01-03T12:56:26","modified_gmt":"2017-01-03T12:56:26","slug":"cv-2700-tartaly","status":"publish","type":"post","link":"https:\/\/mah.ro\/hun\/cv-2700-tartaly\/","title":{"rendered":"CV-2700 Tart\u00e1ly"},"content":{"rendered":"<p><img loading=\"lazy\" decoding=\"async\" class=\"aligncenter size-full wp-image-56\" src=\"http:\/\/mah.ro\/hun\/wp-content\/uploads\/Cisterna2700.jpg\" alt=\"Tuber 40\" width=\"600\" height=\"424\" \/><\/p>\n<table border=\"0\" cellspacing=\"0\" cellpadding=\"0\">\n<tbody>\n<tr>\n<th width=\"40%\"><strong>M\u0171szaki adatok<\/strong><\/th>\n<th class=\"model\">CV-2700 <strong>Tart\u00e1ly<\/strong><\/th>\n<\/tr>\n<tr class=\"row\">\n<td>Tart\u00e1ly kapacit\u00e1sa<\/td>\n<td style=\"text-align: center;\">2.700 l<\/td>\n<\/tr>\n<tr>\n<td>Hossz<\/td>\n<td style=\"text-align: center;\">3.000 mm<\/td>\n<\/tr>\n<tr class=\"row\">\n<td>Sz\u00e9less\u00e9g<\/td>\n<td style=\"text-align: center;\">1.620 mm<\/td>\n<\/tr>\n<tr>\n<td>Magass\u00e1g<\/td>\n<td style=\"text-align: center;\">1.840 mm<\/td>\n<\/tr>\n<tr class=\"row\">\n<td>S\u00faly<\/td>\n<td style=\"text-align: center;\">890 kg<\/td>\n<\/tr>\n<tr>\n<td>Teljes hossz<\/td>\n<td style=\"text-align: center;\">5.500 mm<\/td>\n<\/tr>\n<tr class=\"row\">\n<td>Vontat\u00e1si sebess\u00e9g<\/td>\n<td style=\"text-align: center;\">25 km\/h<\/td>\n<\/tr>\n<tr>\n<td>Gumik<\/td>\n<td style=\"text-align: center;\">11.5\/80-15.3 10PR<\/td>\n<\/tr>\n<tr class=\"row\">\n<td>Szivatty\u00fa<\/td>\n<td style=\"text-align: center;\">v\u00e1kumos, DKP\u00a0 t\u00edpus, 3300 liter<\/td>\n<\/tr>\n<tr>\n<td>Sz\u00edv\u00f3 t\u00f6ml\u0151<\/td>\n<td style=\"text-align: center;\">4&#8243; teljes hossz 3,85 m<\/td>\n<\/tr>\n<tr class=\"row\">\n<td>Conexiune la tractor<\/td>\n<td style=\"text-align: center;\">alacsony magass\u00e1g kb. 450-500 mm , festett vontat\u00f3r\u00fad, mechanikus t\u00e1maszt\u00f3<\/td>\n<\/tr>\n<tr>\n<td>Kard\u00e1n<\/td>\n<td style=\"text-align: center;\">Walteschild<\/td>\n<\/tr>\n<\/tbody>\n<\/table>\n<h3 align=\"center\"><strong>Egy szem\u00e9lyre szabott aj\u00e1nlat\u00e9rt, k\u00e9rj\u00fck t\u00f6ltse ki az al\u00e1bbi \u0171rlapot. K\u00f6sz\u00f6nj\u00fck!<\/strong><\/h3>\n","protected":false},"excerpt":{"rendered":"<p>M\u0171szaki adatok CV-2700 Tart\u00e1ly Tart\u00e1ly kapacit\u00e1sa 2.700 l Hossz 3.000 mm Sz\u00e9less\u00e9g 1.620 mm Magass\u00e1g 1.840 mm S\u00faly 890 kg Teljes hossz 5.500 mm Vontat\u00e1si sebess\u00e9g 25 km\/h Gumik 11.5\/80-15.3 10PR Szivatty\u00fa v\u00e1kumos, DKP\u00a0 t\u00edpus, 3300 liter Sz\u00edv\u00f3 t\u00f6ml\u0151 4&#8243; teljes hossz 3,85 m Conexiune la tractor alacsony magass\u00e1g kb. 450-500 mm , festett vontat\u00f3r\u00fad, [&hellip;]<\/p>\n","protected":false},"author":1,"featured_media":487,"comment_status":"closed","ping_status":"closed","sticky":false,"template":"","format":"standard","meta":{"footnotes":""},"categories":[16],"tags":[],"class_list":["post-486","post","type-post","status-publish","format-standard","has-post-thumbnail","hentry","category-szippantok"],"yoast_head":"<!-- This site is optimized with the Yoast SEO plugin v27.5 - https:\/\/yoast.com\/product\/yoast-seo-wordpress\/ -->\n<title>CV-2700 Tart\u00e1ly - MACOS &amp; HALL<\/title>\n<meta name=\"robots\" content=\"index, follow, max-snippet:-1, max-image-preview:large, max-video-preview:-1\" \/>\n<link rel=\"canonical\" href=\"https:\/\/mah.ro\/hun\/cv-2700-tartaly\/\" \/>\n<meta property=\"og:locale\" content=\"ro_RO\" \/>\n<meta property=\"og:type\" content=\"article\" \/>\n<meta property=\"og:title\" content=\"CV-2700 Tart\u00e1ly - MACOS &amp; HALL\" \/>\n<meta property=\"og:description\" content=\"M\u0171szaki adatok CV-2700 Tart\u00e1ly Tart\u00e1ly kapacit\u00e1sa 2.700 l Hossz 3.000 mm Sz\u00e9less\u00e9g 1.620 mm Magass\u00e1g 1.840 mm S\u00faly 890 kg Teljes hossz 5.500 mm Vontat\u00e1si sebess\u00e9g 25 km\/h Gumik 11.5\/80-15.3 10PR Szivatty\u00fa v\u00e1kumos, DKP\u00a0 t\u00edpus, 3300 liter Sz\u00edv\u00f3 t\u00f6ml\u0151 4&#8243; teljes hossz 3,85 m Conexiune la tractor alacsony magass\u00e1g kb. 450-500 mm , festett vontat\u00f3r\u00fad, [&hellip;]\" \/>\n<meta property=\"og:url\" content=\"https:\/\/mah.ro\/hun\/cv-2700-tartaly\/\" \/>\n<meta property=\"og:site_name\" content=\"MACOS &amp; HALL\" \/>\n<meta property=\"article:published_time\" content=\"2016-06-13T10:34:12+00:00\" \/>\n<meta property=\"article:modified_time\" content=\"2017-01-03T12:56:26+00:00\" \/>\n<meta property=\"og:image\" content=\"https:\/\/mah.ro\/hun\/wp-content\/uploads\/Cisterna2700.jpg\" \/>\n\t<meta property=\"og:image:width\" content=\"567\" \/>\n\t<meta property=\"og:image:height\" content=\"296\" \/>\n\t<meta property=\"og:image:type\" content=\"image\/jpeg\" \/>\n<meta name=\"author\" content=\"readmin\" \/>\n<meta name=\"twitter:card\" content=\"summary_large_image\" \/>\n<meta name=\"twitter:label1\" content=\"Scris de\" \/>\n\t<meta name=\"twitter:data1\" content=\"readmin\" \/>\n<script type=\"application\/ld+json\" class=\"yoast-schema-graph\">{\"@context\":\"https:\\\/\\\/schema.org\",\"@graph\":[{\"@type\":\"Article\",\"@id\":\"https:\\\/\\\/mah.ro\\\/hun\\\/cv-2700-tartaly\\\/#article\",\"isPartOf\":{\"@id\":\"https:\\\/\\\/mah.ro\\\/hun\\\/cv-2700-tartaly\\\/\"},\"author\":{\"name\":\"readmin\",\"@id\":\"https:\\\/\\\/mah.ro\\\/hun\\\/#\\\/schema\\\/person\\\/9f0881ddfd4c9e88798bc2b5a8c77e04\"},\"headline\":\"CV-2700 Tart\u00e1ly\",\"datePublished\":\"2016-06-13T10:34:12+00:00\",\"dateModified\":\"2017-01-03T12:56:26+00:00\",\"mainEntityOfPage\":{\"@id\":\"https:\\\/\\\/mah.ro\\\/hun\\\/cv-2700-tartaly\\\/\"},\"wordCount\":92,\"publisher\":{\"@id\":\"https:\\\/\\\/mah.ro\\\/hun\\\/#organization\"},\"image\":{\"@id\":\"https:\\\/\\\/mah.ro\\\/hun\\\/cv-2700-tartaly\\\/#primaryimage\"},\"thumbnailUrl\":\"https:\\\/\\\/mah.ro\\\/hun\\\/wp-content\\\/uploads\\\/Cisterna2700.jpg\",\"articleSection\":[\"Szippant\u00f3k\"],\"inLanguage\":\"ro-RO\"},{\"@type\":\"WebPage\",\"@id\":\"https:\\\/\\\/mah.ro\\\/hun\\\/cv-2700-tartaly\\\/\",\"url\":\"https:\\\/\\\/mah.ro\\\/hun\\\/cv-2700-tartaly\\\/\",\"name\":\"CV-2700 Tart\u00e1ly - MACOS &amp; HALL\",\"isPartOf\":{\"@id\":\"https:\\\/\\\/mah.ro\\\/hun\\\/#website\"},\"primaryImageOfPage\":{\"@id\":\"https:\\\/\\\/mah.ro\\\/hun\\\/cv-2700-tartaly\\\/#primaryimage\"},\"image\":{\"@id\":\"https:\\\/\\\/mah.ro\\\/hun\\\/cv-2700-tartaly\\\/#primaryimage\"},\"thumbnailUrl\":\"https:\\\/\\\/mah.ro\\\/hun\\\/wp-content\\\/uploads\\\/Cisterna2700.jpg\",\"datePublished\":\"2016-06-13T10:34:12+00:00\",\"dateModified\":\"2017-01-03T12:56:26+00:00\",\"breadcrumb\":{\"@id\":\"https:\\\/\\\/mah.ro\\\/hun\\\/cv-2700-tartaly\\\/#breadcrumb\"},\"inLanguage\":\"ro-RO\",\"potentialAction\":[{\"@type\":\"ReadAction\",\"target\":[\"https:\\\/\\\/mah.ro\\\/hun\\\/cv-2700-tartaly\\\/\"]}]},{\"@type\":\"ImageObject\",\"inLanguage\":\"ro-RO\",\"@id\":\"https:\\\/\\\/mah.ro\\\/hun\\\/cv-2700-tartaly\\\/#primaryimage\",\"url\":\"https:\\\/\\\/mah.ro\\\/hun\\\/wp-content\\\/uploads\\\/Cisterna2700.jpg\",\"contentUrl\":\"https:\\\/\\\/mah.ro\\\/hun\\\/wp-content\\\/uploads\\\/Cisterna2700.jpg\",\"width\":567,\"height\":296},{\"@type\":\"BreadcrumbList\",\"@id\":\"https:\\\/\\\/mah.ro\\\/hun\\\/cv-2700-tartaly\\\/#breadcrumb\",\"itemListElement\":[{\"@type\":\"ListItem\",\"position\":1,\"name\":\"Home\",\"item\":\"https:\\\/\\\/mah.ro\\\/hun\\\/\"},{\"@type\":\"ListItem\",\"position\":2,\"name\":\"CV-2700 Tart\u00e1ly\"}]},{\"@type\":\"WebSite\",\"@id\":\"https:\\\/\\\/mah.ro\\\/hun\\\/#website\",\"url\":\"https:\\\/\\\/mah.ro\\\/hun\\\/\",\"name\":\"MACOS &amp; HALL\",\"description\":\"Mez\u0151gazdas\u00e1gi g\u00e9pek nemzetk\u00f6zi forgalmaz\u00f3ja.\",\"publisher\":{\"@id\":\"https:\\\/\\\/mah.ro\\\/hun\\\/#organization\"},\"potentialAction\":[{\"@type\":\"SearchAction\",\"target\":{\"@type\":\"EntryPoint\",\"urlTemplate\":\"https:\\\/\\\/mah.ro\\\/hun\\\/?s={search_term_string}\"},\"query-input\":{\"@type\":\"PropertyValueSpecification\",\"valueRequired\":true,\"valueName\":\"search_term_string\"}}],\"inLanguage\":\"ro-RO\"},{\"@type\":\"Organization\",\"@id\":\"https:\\\/\\\/mah.ro\\\/hun\\\/#organization\",\"name\":\"MACOS & HALL\",\"url\":\"https:\\\/\\\/mah.ro\\\/hun\\\/\",\"logo\":{\"@type\":\"ImageObject\",\"inLanguage\":\"ro-RO\",\"@id\":\"https:\\\/\\\/mah.ro\\\/hun\\\/#\\\/schema\\\/logo\\\/image\\\/\",\"url\":\"https:\\\/\\\/mah.ro\\\/hun\\\/wp-content\\\/uploads\\\/sigla-RED-Macos-Hall.jpg\",\"contentUrl\":\"https:\\\/\\\/mah.ro\\\/hun\\\/wp-content\\\/uploads\\\/sigla-RED-Macos-Hall.jpg\",\"width\":1128,\"height\":178,\"caption\":\"MACOS & HALL\"},\"image\":{\"@id\":\"https:\\\/\\\/mah.ro\\\/hun\\\/#\\\/schema\\\/logo\\\/image\\\/\"}},{\"@type\":\"Person\",\"@id\":\"https:\\\/\\\/mah.ro\\\/hun\\\/#\\\/schema\\\/person\\\/9f0881ddfd4c9e88798bc2b5a8c77e04\",\"name\":\"readmin\",\"url\":\"https:\\\/\\\/mah.ro\\\/hun\\\/author\\\/readmin\\\/\"}]}<\/script>\n<!-- \/ Yoast SEO plugin. -->","yoast_head_json":{"title":"CV-2700 Tart\u00e1ly - MACOS &amp; HALL","robots":{"index":"index","follow":"follow","max-snippet":"max-snippet:-1","max-image-preview":"max-image-preview:large","max-video-preview":"max-video-preview:-1"},"canonical":"https:\/\/mah.ro\/hun\/cv-2700-tartaly\/","og_locale":"ro_RO","og_type":"article","og_title":"CV-2700 Tart\u00e1ly - MACOS &amp; HALL","og_description":"M\u0171szaki adatok CV-2700 Tart\u00e1ly Tart\u00e1ly kapacit\u00e1sa 2.700 l Hossz 3.000 mm Sz\u00e9less\u00e9g 1.620 mm Magass\u00e1g 1.840 mm S\u00faly 890 kg Teljes hossz 5.500 mm Vontat\u00e1si sebess\u00e9g 25 km\/h Gumik 11.5\/80-15.3 10PR Szivatty\u00fa v\u00e1kumos, DKP\u00a0 t\u00edpus, 3300 liter Sz\u00edv\u00f3 t\u00f6ml\u0151 4&#8243; teljes hossz 3,85 m Conexiune la tractor alacsony magass\u00e1g kb. 450-500 mm , festett vontat\u00f3r\u00fad, [&hellip;]","og_url":"https:\/\/mah.ro\/hun\/cv-2700-tartaly\/","og_site_name":"MACOS &amp; HALL","article_published_time":"2016-06-13T10:34:12+00:00","article_modified_time":"2017-01-03T12:56:26+00:00","og_image":[{"width":567,"height":296,"url":"https:\/\/mah.ro\/hun\/wp-content\/uploads\/Cisterna2700.jpg","type":"image\/jpeg"}],"author":"readmin","twitter_card":"summary_large_image","twitter_misc":{"Scris de":"readmin"},"schema":{"@context":"https:\/\/schema.org","@graph":[{"@type":"Article","@id":"https:\/\/mah.ro\/hun\/cv-2700-tartaly\/#article","isPartOf":{"@id":"https:\/\/mah.ro\/hun\/cv-2700-tartaly\/"},"author":{"name":"readmin","@id":"https:\/\/mah.ro\/hun\/#\/schema\/person\/9f0881ddfd4c9e88798bc2b5a8c77e04"},"headline":"CV-2700 Tart\u00e1ly","datePublished":"2016-06-13T10:34:12+00:00","dateModified":"2017-01-03T12:56:26+00:00","mainEntityOfPage":{"@id":"https:\/\/mah.ro\/hun\/cv-2700-tartaly\/"},"wordCount":92,"publisher":{"@id":"https:\/\/mah.ro\/hun\/#organization"},"image":{"@id":"https:\/\/mah.ro\/hun\/cv-2700-tartaly\/#primaryimage"},"thumbnailUrl":"https:\/\/mah.ro\/hun\/wp-content\/uploads\/Cisterna2700.jpg","articleSection":["Szippant\u00f3k"],"inLanguage":"ro-RO"},{"@type":"WebPage","@id":"https:\/\/mah.ro\/hun\/cv-2700-tartaly\/","url":"https:\/\/mah.ro\/hun\/cv-2700-tartaly\/","name":"CV-2700 Tart\u00e1ly - MACOS &amp; HALL","isPartOf":{"@id":"https:\/\/mah.ro\/hun\/#website"},"primaryImageOfPage":{"@id":"https:\/\/mah.ro\/hun\/cv-2700-tartaly\/#primaryimage"},"image":{"@id":"https:\/\/mah.ro\/hun\/cv-2700-tartaly\/#primaryimage"},"thumbnailUrl":"https:\/\/mah.ro\/hun\/wp-content\/uploads\/Cisterna2700.jpg","datePublished":"2016-06-13T10:34:12+00:00","dateModified":"2017-01-03T12:56:26+00:00","breadcrumb":{"@id":"https:\/\/mah.ro\/hun\/cv-2700-tartaly\/#breadcrumb"},"inLanguage":"ro-RO","potentialAction":[{"@type":"ReadAction","target":["https:\/\/mah.ro\/hun\/cv-2700-tartaly\/"]}]},{"@type":"ImageObject","inLanguage":"ro-RO","@id":"https:\/\/mah.ro\/hun\/cv-2700-tartaly\/#primaryimage","url":"https:\/\/mah.ro\/hun\/wp-content\/uploads\/Cisterna2700.jpg","contentUrl":"https:\/\/mah.ro\/hun\/wp-content\/uploads\/Cisterna2700.jpg","width":567,"height":296},{"@type":"BreadcrumbList","@id":"https:\/\/mah.ro\/hun\/cv-2700-tartaly\/#breadcrumb","itemListElement":[{"@type":"ListItem","position":1,"name":"Home","item":"https:\/\/mah.ro\/hun\/"},{"@type":"ListItem","position":2,"name":"CV-2700 Tart\u00e1ly"}]},{"@type":"WebSite","@id":"https:\/\/mah.ro\/hun\/#website","url":"https:\/\/mah.ro\/hun\/","name":"MACOS &amp; HALL","description":"Mez\u0151gazdas\u00e1gi g\u00e9pek nemzetk\u00f6zi forgalmaz\u00f3ja.","publisher":{"@id":"https:\/\/mah.ro\/hun\/#organization"},"potentialAction":[{"@type":"SearchAction","target":{"@type":"EntryPoint","urlTemplate":"https:\/\/mah.ro\/hun\/?s={search_term_string}"},"query-input":{"@type":"PropertyValueSpecification","valueRequired":true,"valueName":"search_term_string"}}],"inLanguage":"ro-RO"},{"@type":"Organization","@id":"https:\/\/mah.ro\/hun\/#organization","name":"MACOS & HALL","url":"https:\/\/mah.ro\/hun\/","logo":{"@type":"ImageObject","inLanguage":"ro-RO","@id":"https:\/\/mah.ro\/hun\/#\/schema\/logo\/image\/","url":"https:\/\/mah.ro\/hun\/wp-content\/uploads\/sigla-RED-Macos-Hall.jpg","contentUrl":"https:\/\/mah.ro\/hun\/wp-content\/uploads\/sigla-RED-Macos-Hall.jpg","width":1128,"height":178,"caption":"MACOS & HALL"},"image":{"@id":"https:\/\/mah.ro\/hun\/#\/schema\/logo\/image\/"}},{"@type":"Person","@id":"https:\/\/mah.ro\/hun\/#\/schema\/person\/9f0881ddfd4c9e88798bc2b5a8c77e04","name":"readmin","url":"https:\/\/mah.ro\/hun\/author\/readmin\/"}]}},"_links":{"self":[{"href":"https:\/\/mah.ro\/hun\/wp-json\/wp\/v2\/posts\/486","targetHints":{"allow":["GET"]}}],"collection":[{"href":"https:\/\/mah.ro\/hun\/wp-json\/wp\/v2\/posts"}],"about":[{"href":"https:\/\/mah.ro\/hun\/wp-json\/wp\/v2\/types\/post"}],"author":[{"embeddable":true,"href":"https:\/\/mah.ro\/hun\/wp-json\/wp\/v2\/users\/1"}],"replies":[{"embeddable":true,"href":"https:\/\/mah.ro\/hun\/wp-json\/wp\/v2\/comments?post=486"}],"version-history":[{"count":0,"href":"https:\/\/mah.ro\/hun\/wp-json\/wp\/v2\/posts\/486\/revisions"}],"wp:featuredmedia":[{"embeddable":true,"href":"https:\/\/mah.ro\/hun\/wp-json\/wp\/v2\/media\/487"}],"wp:attachment":[{"href":"https:\/\/mah.ro\/hun\/wp-json\/wp\/v2\/media?parent=486"}],"wp:term":[{"taxonomy":"category","embeddable":true,"href":"https:\/\/mah.ro\/hun\/wp-json\/wp\/v2\/categories?post=486"},{"taxonomy":"post_tag","embeddable":true,"href":"https:\/\/mah.ro\/hun\/wp-json\/wp\/v2\/tags?post=486"}],"curies":[{"name":"wp","href":"https:\/\/api.w.org\/{rel}","templated":true}]}}