{"id":298,"date":"2016-06-09T11:32:05","date_gmt":"2016-06-09T11:32:05","guid":{"rendered":"http:\/\/mah.ro\/hun\/?p=298"},"modified":"2017-01-03T13:02:44","modified_gmt":"2017-01-03T13:02:44","slug":"d-608-potkocsi","status":"publish","type":"post","link":"https:\/\/mah.ro\/hun\/d-608-potkocsi\/","title":{"rendered":"D-608"},"content":{"rendered":"<p><img loading=\"lazy\" decoding=\"async\" class=\"aligncenter size-full wp-image-56\" src=\"http:\/\/mah.ro\/hun\/wp-content\/uploads\/RemorcaD608.jpg\" alt=\"D-608\" width=\"600\" height=\"424\" \/><\/p>\n<table border=\"0\" cellspacing=\"0\" cellpadding=\"0\">\n<tbody>\n<tr>\n<th width=\"40%\"><strong>M\u0171szaki adatok<\/strong><\/th>\n<th class=\"model\">D-608<\/th>\n<\/tr>\n<tr class=\"row\">\n<td>Terhelhet\u0151s\u00e9g\u00a0 (kg)<\/td>\n<td style=\"text-align: center;\">8.000<\/td>\n<\/tr>\n<tr>\n<td>Traktor minim\u00e1lis ereje (LE)<\/td>\n<td style=\"text-align: center;\">61<\/td>\n<\/tr>\n<tr class=\"row\">\n<td>Platforma m\u00e9rete\u00a0 (m<sup>2<\/sup>)<\/td>\n<td style=\"text-align: center;\">10,7<\/td>\n<\/tr>\n<tr>\n<td>A b\u00e9na terhelhet\u0151s\u00e9ge (m<sup>3<\/sup>)<\/td>\n<td style=\"text-align: center;\">5,35<\/td>\n<\/tr>\n<tr class=\"row\">\n<td>A b\u00e9na terhelhet\u0151s\u00e9ge 500 mm magas\u00edt\u00f3val\u00a0 (m<sup>3<\/sup>)<\/td>\n<td style=\"text-align: center;\">10,7<\/td>\n<\/tr>\n<tr>\n<td>Teljes hossz (mm)<\/td>\n<td style=\"text-align: center;\">6.600<\/td>\n<\/tr>\n<tr class=\"row\">\n<td>Teljes sz\u00e9less\u00e9g (mm)<\/td>\n<td style=\"text-align: center;\">2.550<\/td>\n<\/tr>\n<tr>\n<td>Teljes magass\u00e1g (mm)<\/td>\n<td style=\"text-align: center;\">2.160-2.370<\/td>\n<\/tr>\n<tr class=\"row\">\n<td>Bels\u0151 hossz (mm)<\/td>\n<td style=\"text-align: center;\">5.100<\/td>\n<\/tr>\n<tr>\n<td>Bels\u0151 sz\u00e9less\u00e9g (mm)<\/td>\n<td style=\"text-align: center;\">2.410<\/td>\n<\/tr>\n<tr class=\"row\">\n<td>Bels\u0151 magass\u00e1g (mm)<\/td>\n<td style=\"text-align: center;\">500+500(opcion\u00e1lis)<\/td>\n<\/tr>\n<tr>\n<td>Platforma magass\u00e1ga (mm)<\/td>\n<td style=\"text-align: center;\">1.160-1.330<\/td>\n<\/tr>\n<tr class=\"row\">\n<td>Gumi m\u00e9ret<\/td>\n<td style=\"text-align: center;\">400\/60-15,5 14PR<\/td>\n<\/tr>\n<tr>\n<td>F\u00e9k<\/td>\n<td style=\"text-align: center;\">pneumatikus, k\u00e9t ir\u00e1ny\u00fa<\/td>\n<\/tr>\n<tr class=\"row\">\n<td>Le\u00fcr\u00edt\u00e9s rendszer<\/td>\n<td style=\"text-align: center;\">3 oldalon<\/td>\n<\/tr>\n<tr>\n<td>Vontat\u00e1si sebess\u00e9g (km\/h)<\/td>\n<td style=\"text-align: center;\">40<\/td>\n<\/tr>\n<tr class=\"row\">\n<td>Opcion\u00e1lis<\/td>\n<td style=\"text-align: center;\">m\u00e1sodik sormerev\u00edt\u0151 , hidraulikus f\u00e9krendszer , m\u00e1s m\u00e9ret\u0171 gumik , p\u00f3tker\u00e9k , p\u00f3tker\u00e9ktart\u00f3 , ponyva r\u00e1m\u00e1val + tart\u00f3r\u00e1ma , cs\u00faszda , LED l\u00e1mp\u00e1k , h\u00e1ts\u00f3 forg\u00f3 horog , els\u0151 s\u00e1rv\u00e9d\u0151k , h\u00e1ts\u00f3 s\u00e1rv\u00e9d\u0151k , plat\u00f3forma , szersz\u00e1mos l\u00e1da , v\u00edztart\u00e1ly , f\u00e9nyes fest\u00e9k , k\u00e9r\u00e9sre sz\u00edn.<\/td>\n<\/tr>\n<\/tbody>\n<\/table>\n<h3 align=\"center\"><strong>Egy szem\u00e9lyre szabott aj\u00e1nlat\u00e9rt, k\u00e9rj\u00fck t\u00f6ltse ki az al\u00e1bbi \u0171rlapot. K\u00f6sz\u00f6nj\u00fck!<\/strong><\/h3>\n","protected":false},"excerpt":{"rendered":"<p>M\u0171szaki adatok D-608 Terhelhet\u0151s\u00e9g\u00a0 (kg) 8.000 Traktor minim\u00e1lis ereje (LE) 61 Platforma m\u00e9rete\u00a0 (m2) 10,7 A b\u00e9na terhelhet\u0151s\u00e9ge (m3) 5,35 A b\u00e9na terhelhet\u0151s\u00e9ge 500 mm magas\u00edt\u00f3val\u00a0 (m3) 10,7 Teljes hossz (mm) 6.600 Teljes sz\u00e9less\u00e9g (mm) 2.550 Teljes magass\u00e1g (mm) 2.160-2.370 Bels\u0151 hossz (mm) 5.100 Bels\u0151 sz\u00e9less\u00e9g (mm) 2.410 Bels\u0151 magass\u00e1g (mm) 500+500(opcion\u00e1lis) Platforma magass\u00e1ga (mm) [&hellip;]<\/p>\n","protected":false},"author":1,"featured_media":299,"comment_status":"closed","ping_status":"closed","sticky":false,"template":"","format":"standard","meta":{"footnotes":""},"categories":[7,9],"tags":[],"class_list":["post-298","post","type-post","status-publish","format-standard","has-post-thumbnail","hentry","category-potkocsik","category-ursus-remorci"],"yoast_head":"<!-- This site is optimized with the Yoast SEO plugin v27.5 - https:\/\/yoast.com\/product\/yoast-seo-wordpress\/ -->\n<title>D-608 - MACOS &amp; HALL<\/title>\n<meta name=\"robots\" content=\"index, follow, max-snippet:-1, max-image-preview:large, max-video-preview:-1\" \/>\n<link rel=\"canonical\" href=\"https:\/\/mah.ro\/hun\/d-608-potkocsi\/\" \/>\n<meta property=\"og:locale\" content=\"ro_RO\" \/>\n<meta property=\"og:type\" content=\"article\" \/>\n<meta property=\"og:title\" content=\"D-608 - MACOS &amp; HALL\" \/>\n<meta property=\"og:description\" content=\"M\u0171szaki adatok D-608 Terhelhet\u0151s\u00e9g\u00a0 (kg) 8.000 Traktor minim\u00e1lis ereje (LE) 61 Platforma m\u00e9rete\u00a0 (m2) 10,7 A b\u00e9na terhelhet\u0151s\u00e9ge (m3) 5,35 A b\u00e9na terhelhet\u0151s\u00e9ge 500 mm magas\u00edt\u00f3val\u00a0 (m3) 10,7 Teljes hossz (mm) 6.600 Teljes sz\u00e9less\u00e9g (mm) 2.550 Teljes magass\u00e1g (mm) 2.160-2.370 Bels\u0151 hossz (mm) 5.100 Bels\u0151 sz\u00e9less\u00e9g (mm) 2.410 Bels\u0151 magass\u00e1g (mm) 500+500(opcion\u00e1lis) Platforma magass\u00e1ga (mm) [&hellip;]\" \/>\n<meta property=\"og:url\" content=\"https:\/\/mah.ro\/hun\/d-608-potkocsi\/\" \/>\n<meta property=\"og:site_name\" content=\"MACOS &amp; HALL\" \/>\n<meta property=\"article:published_time\" content=\"2016-06-09T11:32:05+00:00\" \/>\n<meta property=\"article:modified_time\" content=\"2017-01-03T13:02:44+00:00\" \/>\n<meta property=\"og:image\" content=\"https:\/\/mah.ro\/hun\/wp-content\/uploads\/RemorcaD608.jpg\" \/>\n\t<meta property=\"og:image:width\" content=\"600\" \/>\n\t<meta property=\"og:image:height\" content=\"424\" \/>\n\t<meta property=\"og:image:type\" content=\"image\/jpeg\" \/>\n<meta name=\"author\" content=\"readmin\" \/>\n<meta name=\"twitter:card\" content=\"summary_large_image\" \/>\n<meta name=\"twitter:label1\" content=\"Scris de\" \/>\n\t<meta name=\"twitter:data1\" content=\"readmin\" \/>\n\t<meta name=\"twitter:label2\" content=\"Timp estimat pentru citire\" \/>\n\t<meta name=\"twitter:data2\" content=\"1 minut\" \/>\n<script type=\"application\/ld+json\" class=\"yoast-schema-graph\">{\"@context\":\"https:\\\/\\\/schema.org\",\"@graph\":[{\"@type\":\"Article\",\"@id\":\"https:\\\/\\\/mah.ro\\\/hun\\\/d-608-potkocsi\\\/#article\",\"isPartOf\":{\"@id\":\"https:\\\/\\\/mah.ro\\\/hun\\\/d-608-potkocsi\\\/\"},\"author\":{\"name\":\"readmin\",\"@id\":\"https:\\\/\\\/mah.ro\\\/hun\\\/#\\\/schema\\\/person\\\/9f0881ddfd4c9e88798bc2b5a8c77e04\"},\"headline\":\"D-608\",\"datePublished\":\"2016-06-09T11:32:05+00:00\",\"dateModified\":\"2017-01-03T13:02:44+00:00\",\"mainEntityOfPage\":{\"@id\":\"https:\\\/\\\/mah.ro\\\/hun\\\/d-608-potkocsi\\\/\"},\"wordCount\":179,\"publisher\":{\"@id\":\"https:\\\/\\\/mah.ro\\\/hun\\\/#organization\"},\"image\":{\"@id\":\"https:\\\/\\\/mah.ro\\\/hun\\\/d-608-potkocsi\\\/#primaryimage\"},\"thumbnailUrl\":\"https:\\\/\\\/mah.ro\\\/hun\\\/wp-content\\\/uploads\\\/RemorcaD608.jpg\",\"articleSection\":[\"P\u00f3tkocsik\",\"Ursus\"],\"inLanguage\":\"ro-RO\"},{\"@type\":\"WebPage\",\"@id\":\"https:\\\/\\\/mah.ro\\\/hun\\\/d-608-potkocsi\\\/\",\"url\":\"https:\\\/\\\/mah.ro\\\/hun\\\/d-608-potkocsi\\\/\",\"name\":\"D-608 - MACOS &amp; HALL\",\"isPartOf\":{\"@id\":\"https:\\\/\\\/mah.ro\\\/hun\\\/#website\"},\"primaryImageOfPage\":{\"@id\":\"https:\\\/\\\/mah.ro\\\/hun\\\/d-608-potkocsi\\\/#primaryimage\"},\"image\":{\"@id\":\"https:\\\/\\\/mah.ro\\\/hun\\\/d-608-potkocsi\\\/#primaryimage\"},\"thumbnailUrl\":\"https:\\\/\\\/mah.ro\\\/hun\\\/wp-content\\\/uploads\\\/RemorcaD608.jpg\",\"datePublished\":\"2016-06-09T11:32:05+00:00\",\"dateModified\":\"2017-01-03T13:02:44+00:00\",\"breadcrumb\":{\"@id\":\"https:\\\/\\\/mah.ro\\\/hun\\\/d-608-potkocsi\\\/#breadcrumb\"},\"inLanguage\":\"ro-RO\",\"potentialAction\":[{\"@type\":\"ReadAction\",\"target\":[\"https:\\\/\\\/mah.ro\\\/hun\\\/d-608-potkocsi\\\/\"]}]},{\"@type\":\"ImageObject\",\"inLanguage\":\"ro-RO\",\"@id\":\"https:\\\/\\\/mah.ro\\\/hun\\\/d-608-potkocsi\\\/#primaryimage\",\"url\":\"https:\\\/\\\/mah.ro\\\/hun\\\/wp-content\\\/uploads\\\/RemorcaD608.jpg\",\"contentUrl\":\"https:\\\/\\\/mah.ro\\\/hun\\\/wp-content\\\/uploads\\\/RemorcaD608.jpg\",\"width\":600,\"height\":424},{\"@type\":\"BreadcrumbList\",\"@id\":\"https:\\\/\\\/mah.ro\\\/hun\\\/d-608-potkocsi\\\/#breadcrumb\",\"itemListElement\":[{\"@type\":\"ListItem\",\"position\":1,\"name\":\"Home\",\"item\":\"https:\\\/\\\/mah.ro\\\/hun\\\/\"},{\"@type\":\"ListItem\",\"position\":2,\"name\":\"D-608\"}]},{\"@type\":\"WebSite\",\"@id\":\"https:\\\/\\\/mah.ro\\\/hun\\\/#website\",\"url\":\"https:\\\/\\\/mah.ro\\\/hun\\\/\",\"name\":\"MACOS &amp; HALL\",\"description\":\"Mez\u0151gazdas\u00e1gi g\u00e9pek nemzetk\u00f6zi forgalmaz\u00f3ja.\",\"publisher\":{\"@id\":\"https:\\\/\\\/mah.ro\\\/hun\\\/#organization\"},\"potentialAction\":[{\"@type\":\"SearchAction\",\"target\":{\"@type\":\"EntryPoint\",\"urlTemplate\":\"https:\\\/\\\/mah.ro\\\/hun\\\/?s={search_term_string}\"},\"query-input\":{\"@type\":\"PropertyValueSpecification\",\"valueRequired\":true,\"valueName\":\"search_term_string\"}}],\"inLanguage\":\"ro-RO\"},{\"@type\":\"Organization\",\"@id\":\"https:\\\/\\\/mah.ro\\\/hun\\\/#organization\",\"name\":\"MACOS & HALL\",\"url\":\"https:\\\/\\\/mah.ro\\\/hun\\\/\",\"logo\":{\"@type\":\"ImageObject\",\"inLanguage\":\"ro-RO\",\"@id\":\"https:\\\/\\\/mah.ro\\\/hun\\\/#\\\/schema\\\/logo\\\/image\\\/\",\"url\":\"https:\\\/\\\/mah.ro\\\/hun\\\/wp-content\\\/uploads\\\/sigla-RED-Macos-Hall.jpg\",\"contentUrl\":\"https:\\\/\\\/mah.ro\\\/hun\\\/wp-content\\\/uploads\\\/sigla-RED-Macos-Hall.jpg\",\"width\":1128,\"height\":178,\"caption\":\"MACOS & HALL\"},\"image\":{\"@id\":\"https:\\\/\\\/mah.ro\\\/hun\\\/#\\\/schema\\\/logo\\\/image\\\/\"}},{\"@type\":\"Person\",\"@id\":\"https:\\\/\\\/mah.ro\\\/hun\\\/#\\\/schema\\\/person\\\/9f0881ddfd4c9e88798bc2b5a8c77e04\",\"name\":\"readmin\",\"url\":\"https:\\\/\\\/mah.ro\\\/hun\\\/author\\\/readmin\\\/\"}]}<\/script>\n<!-- \/ Yoast SEO plugin. -->","yoast_head_json":{"title":"D-608 - MACOS &amp; HALL","robots":{"index":"index","follow":"follow","max-snippet":"max-snippet:-1","max-image-preview":"max-image-preview:large","max-video-preview":"max-video-preview:-1"},"canonical":"https:\/\/mah.ro\/hun\/d-608-potkocsi\/","og_locale":"ro_RO","og_type":"article","og_title":"D-608 - MACOS &amp; HALL","og_description":"M\u0171szaki adatok D-608 Terhelhet\u0151s\u00e9g\u00a0 (kg) 8.000 Traktor minim\u00e1lis ereje (LE) 61 Platforma m\u00e9rete\u00a0 (m2) 10,7 A b\u00e9na terhelhet\u0151s\u00e9ge (m3) 5,35 A b\u00e9na terhelhet\u0151s\u00e9ge 500 mm magas\u00edt\u00f3val\u00a0 (m3) 10,7 Teljes hossz (mm) 6.600 Teljes sz\u00e9less\u00e9g (mm) 2.550 Teljes magass\u00e1g (mm) 2.160-2.370 Bels\u0151 hossz (mm) 5.100 Bels\u0151 sz\u00e9less\u00e9g (mm) 2.410 Bels\u0151 magass\u00e1g (mm) 500+500(opcion\u00e1lis) Platforma magass\u00e1ga (mm) [&hellip;]","og_url":"https:\/\/mah.ro\/hun\/d-608-potkocsi\/","og_site_name":"MACOS &amp; HALL","article_published_time":"2016-06-09T11:32:05+00:00","article_modified_time":"2017-01-03T13:02:44+00:00","og_image":[{"width":600,"height":424,"url":"https:\/\/mah.ro\/hun\/wp-content\/uploads\/RemorcaD608.jpg","type":"image\/jpeg"}],"author":"readmin","twitter_card":"summary_large_image","twitter_misc":{"Scris de":"readmin","Timp estimat pentru citire":"1 minut"},"schema":{"@context":"https:\/\/schema.org","@graph":[{"@type":"Article","@id":"https:\/\/mah.ro\/hun\/d-608-potkocsi\/#article","isPartOf":{"@id":"https:\/\/mah.ro\/hun\/d-608-potkocsi\/"},"author":{"name":"readmin","@id":"https:\/\/mah.ro\/hun\/#\/schema\/person\/9f0881ddfd4c9e88798bc2b5a8c77e04"},"headline":"D-608","datePublished":"2016-06-09T11:32:05+00:00","dateModified":"2017-01-03T13:02:44+00:00","mainEntityOfPage":{"@id":"https:\/\/mah.ro\/hun\/d-608-potkocsi\/"},"wordCount":179,"publisher":{"@id":"https:\/\/mah.ro\/hun\/#organization"},"image":{"@id":"https:\/\/mah.ro\/hun\/d-608-potkocsi\/#primaryimage"},"thumbnailUrl":"https:\/\/mah.ro\/hun\/wp-content\/uploads\/RemorcaD608.jpg","articleSection":["P\u00f3tkocsik","Ursus"],"inLanguage":"ro-RO"},{"@type":"WebPage","@id":"https:\/\/mah.ro\/hun\/d-608-potkocsi\/","url":"https:\/\/mah.ro\/hun\/d-608-potkocsi\/","name":"D-608 - MACOS &amp; HALL","isPartOf":{"@id":"https:\/\/mah.ro\/hun\/#website"},"primaryImageOfPage":{"@id":"https:\/\/mah.ro\/hun\/d-608-potkocsi\/#primaryimage"},"image":{"@id":"https:\/\/mah.ro\/hun\/d-608-potkocsi\/#primaryimage"},"thumbnailUrl":"https:\/\/mah.ro\/hun\/wp-content\/uploads\/RemorcaD608.jpg","datePublished":"2016-06-09T11:32:05+00:00","dateModified":"2017-01-03T13:02:44+00:00","breadcrumb":{"@id":"https:\/\/mah.ro\/hun\/d-608-potkocsi\/#breadcrumb"},"inLanguage":"ro-RO","potentialAction":[{"@type":"ReadAction","target":["https:\/\/mah.ro\/hun\/d-608-potkocsi\/"]}]},{"@type":"ImageObject","inLanguage":"ro-RO","@id":"https:\/\/mah.ro\/hun\/d-608-potkocsi\/#primaryimage","url":"https:\/\/mah.ro\/hun\/wp-content\/uploads\/RemorcaD608.jpg","contentUrl":"https:\/\/mah.ro\/hun\/wp-content\/uploads\/RemorcaD608.jpg","width":600,"height":424},{"@type":"BreadcrumbList","@id":"https:\/\/mah.ro\/hun\/d-608-potkocsi\/#breadcrumb","itemListElement":[{"@type":"ListItem","position":1,"name":"Home","item":"https:\/\/mah.ro\/hun\/"},{"@type":"ListItem","position":2,"name":"D-608"}]},{"@type":"WebSite","@id":"https:\/\/mah.ro\/hun\/#website","url":"https:\/\/mah.ro\/hun\/","name":"MACOS &amp; HALL","description":"Mez\u0151gazdas\u00e1gi g\u00e9pek nemzetk\u00f6zi forgalmaz\u00f3ja.","publisher":{"@id":"https:\/\/mah.ro\/hun\/#organization"},"potentialAction":[{"@type":"SearchAction","target":{"@type":"EntryPoint","urlTemplate":"https:\/\/mah.ro\/hun\/?s={search_term_string}"},"query-input":{"@type":"PropertyValueSpecification","valueRequired":true,"valueName":"search_term_string"}}],"inLanguage":"ro-RO"},{"@type":"Organization","@id":"https:\/\/mah.ro\/hun\/#organization","name":"MACOS & HALL","url":"https:\/\/mah.ro\/hun\/","logo":{"@type":"ImageObject","inLanguage":"ro-RO","@id":"https:\/\/mah.ro\/hun\/#\/schema\/logo\/image\/","url":"https:\/\/mah.ro\/hun\/wp-content\/uploads\/sigla-RED-Macos-Hall.jpg","contentUrl":"https:\/\/mah.ro\/hun\/wp-content\/uploads\/sigla-RED-Macos-Hall.jpg","width":1128,"height":178,"caption":"MACOS & HALL"},"image":{"@id":"https:\/\/mah.ro\/hun\/#\/schema\/logo\/image\/"}},{"@type":"Person","@id":"https:\/\/mah.ro\/hun\/#\/schema\/person\/9f0881ddfd4c9e88798bc2b5a8c77e04","name":"readmin","url":"https:\/\/mah.ro\/hun\/author\/readmin\/"}]}},"_links":{"self":[{"href":"https:\/\/mah.ro\/hun\/wp-json\/wp\/v2\/posts\/298","targetHints":{"allow":["GET"]}}],"collection":[{"href":"https:\/\/mah.ro\/hun\/wp-json\/wp\/v2\/posts"}],"about":[{"href":"https:\/\/mah.ro\/hun\/wp-json\/wp\/v2\/types\/post"}],"author":[{"embeddable":true,"href":"https:\/\/mah.ro\/hun\/wp-json\/wp\/v2\/users\/1"}],"replies":[{"embeddable":true,"href":"https:\/\/mah.ro\/hun\/wp-json\/wp\/v2\/comments?post=298"}],"version-history":[{"count":0,"href":"https:\/\/mah.ro\/hun\/wp-json\/wp\/v2\/posts\/298\/revisions"}],"wp:featuredmedia":[{"embeddable":true,"href":"https:\/\/mah.ro\/hun\/wp-json\/wp\/v2\/media\/299"}],"wp:attachment":[{"href":"https:\/\/mah.ro\/hun\/wp-json\/wp\/v2\/media?parent=298"}],"wp:term":[{"taxonomy":"category","embeddable":true,"href":"https:\/\/mah.ro\/hun\/wp-json\/wp\/v2\/categories?post=298"},{"taxonomy":"post_tag","embeddable":true,"href":"https:\/\/mah.ro\/hun\/wp-json\/wp\/v2\/tags?post=298"}],"curies":[{"name":"wp","href":"https:\/\/api.w.org\/{rel}","templated":true}]}}