{"id":101,"date":"2016-06-01T09:48:12","date_gmt":"2016-06-01T09:48:12","guid":{"rendered":"http:\/\/mah.ro\/hun\/?p=101"},"modified":"2017-01-03T13:06:42","modified_gmt":"2017-01-03T13:06:42","slug":"kicsi-de-eros","status":"publish","type":"post","link":"https:\/\/mah.ro\/hun\/kicsi-de-eros\/","title":{"rendered":"Egy hat\u00e9kony traktor. Kicsi, de er\u0151s! T\u00f6k\u00e9letes a sz\u0151l\u0151sbe \u00e9s gy\u00fcm\u00f6lcs\u00f6sbe, kerteszetbe es kissebb farmokba val\u00f3 haszn\u00e1lathoz."},"content":{"rendered":"<p><img loading=\"lazy\" decoding=\"async\" class=\"aligncenter wp-image-104 size-full\" title=\"Tractor Tuber\" src=\"http:\/\/mah.ro\/hun\/wp-content\/uploads\/TUBER-27-800x600.jpg\" alt=\"tractor TUBER\" width=\"800\" height=\"600\" srcset=\"https:\/\/mah.ro\/hun\/wp-content\/uploads\/TUBER-27-800x600.jpg 800w, https:\/\/mah.ro\/hun\/wp-content\/uploads\/TUBER-27-800x600-420x315.jpg 420w\" sizes=\"auto, (max-width: 800px) 100vw, 800px\" \/><\/p>\n<p>A TUBER egy kompakt \u00f6sszker\u00e9kmeghajt\u00e1s\u00fa traktor teljes hidraulikus sebess\u00e9gv\u00e1lt\u00f3val.<br \/>\nEz egy nagyon mozg\u00e9kony t\u00f6bbc\u00e9l\u00fa traktor, amit a legfontosabb mez\u0151gazdas\u00e1gi termel\u00e9sre lehet felhaszn\u00e1lni.<\/p>\n<p>A sz\u00e1nt\u00e1s, boron\u00e1l\u00e1s, t\u00e1rcs\u00e1z\u00e1s, vet\u00e9s, permetez\u00e9s csak n\u00e9h\u00e1ny a sz\u00e1mos mez\u0151gazdas\u00e1gi m\u0171veletek k\u00f6z\u00fcl , amelyre a TUBER-T sz\u00e1nt\u00e1k.<\/p>\n<p>A n\u00f6v\u00e9nytermeszt\u00e9s haszn\u00e1lata mellett, TUBER nagyon alkalmas a sz\u0151l\u00e9szetbe \u00e9s a gy\u00fcm\u00f6lcs\u00f6sbe a cs\u00f6kkentett tengelyt\u00e1v miatt ( tengelyek k\u00f6z\u00f6tti r\u00f6vid t\u00e1vols\u00e1g ).<\/p>\n<p>Min\u0151s\u00e9g, megb\u00edzhat\u00f3s\u00e1g \u00e9s hossz\u00fa \u00e9lettartam a f\u0151 jellemz\u0151i az 1977 m\u00e1rcius\u00e1ban alap\u00edtott gy\u00e1ri Labinprogres TPS term\u00e9keknek, .A hosszas hagyom\u00e1nyokkal rendelkez\u0151 \u00e9s t\u00f6bb mint 300.000 eladott g\u00e9pek adjak a v\u00e1s\u00e1rl\u00f3k garant\u00e1lt bizalm\u00e1t.<\/p>\n<p><img loading=\"lazy\" decoding=\"async\" class=\"alignleft size-medium wp-image-105\" src=\"http:\/\/mah.ro\/hun\/wp-content\/uploads\/7-1-420x314.jpg\" alt=\"7-1\" width=\"420\" height=\"314\" srcset=\"https:\/\/mah.ro\/hun\/wp-content\/uploads\/7-1-420x314.jpg 420w, https:\/\/mah.ro\/hun\/wp-content\/uploads\/7-1.jpg 632w\" sizes=\"auto, (max-width: 420px) 100vw, 420px\" \/>A term\u00e9kek min\u0151s\u00e9g\u00e9re \u00e9s a biztons\u00e1g\u00e1ra val\u00f3 figyelme , valamint a k\u00f6rnyezetv\u00e9delem az alap\u00e9rt\u00e9kei a Tuber-, a Labinprogres TPS -nek amelyet meger\u0151s\u00edtenek a min\u0151s\u00e9gi tan\u00fas\u00edtv\u00e1nyok: ISO 9001: 2000, ISO 14001, OHSAS 18001. Az \u00fcgyf\u00e9l el\u00e9gedetts\u00e9ge az els\u0151dleges c\u00e9l Labinban.<\/p>\n<p>A TUBER traktorok a standard CE szabv\u00e1nyok szerint n\u00e9gy fajta motorral 35 LE \u00e9s 48 LE k\u00f6z\u00f6tt, h\u00e1rom \u00e9s n\u00e9gyhengeres v\u00edzh\u0171t\u00e9ssel rendelkeznek, mint:<br \/>\nLombardini LDW 1603 \u00e9s Yanmar 3TNV88 illetve Lombardini LDW 2204\/ B1 \u00e9s Yanmar 4TNV88- BKCM. Ezek a motorok bebizony\u00edtott\u00e1k a kiv\u00e9teles megb\u00edzhat\u00f3s\u00e1got \u00e9s tart\u00f3ss\u00e1got a mezei munkater\u00e9n \u00e9s a v\u00e1rosi munk\u00e1latokban. Mivel TUBER egy multifunkcion\u00e1lis traktor sikeresen megval\u00f3s\u00edtott k\u00fcl\u00f6nb\u00f6z\u0151 tev\u00e9kenys\u00e9geket a v\u00e1rosi \u00e9s megyei t\u00e9ren, mint a parkok karbantart\u00e1sa , \u00fatfenntart\u00e1s, \u00f6nkorm\u00e1nyzati munk\u00e1kn\u00e1l, h\u00f3eltakar\u00edt\u00e1s, felrak\u00e1s, let\u00f6lt\u00e9s, \u00e1s\u00e1sok, az \u00fatsz\u00e9lek karbantart\u00e1sa, gyepek \u00e9s kasz\u00e1l\u00f3k karbantart\u00e1sa, a fuvaroz\u00e1s stb.<\/p>\n<p><img loading=\"lazy\" decoding=\"async\" class=\"alignright size-medium wp-image-106\" src=\"http:\/\/mah.ro\/hun\/wp-content\/uploads\/5-1-420x314.jpg\" alt=\"5-1\" width=\"420\" height=\"314\" srcset=\"https:\/\/mah.ro\/hun\/wp-content\/uploads\/5-1-420x314.jpg 420w, https:\/\/mah.ro\/hun\/wp-content\/uploads\/5-1.jpg 632w\" sizes=\"auto, (max-width: 420px) 100vw, 420px\" \/>A TUBER traktor az \u00f6n k\u00e9r\u00e9sre, k\u00e9nyelmes kabinnal lesz ell\u00e1tva. Az oldal ablakok,a h\u00e1ts\u00f3 ablak \u00e9s a sz\u00e9lv\u00e9d\u0151 lehet\u0151v\u00e9 teszi a felhaszn\u00e1l\u00f3 sz\u00e1m\u00e1ra a teljes l\u00e1that\u00f3s\u00e1got. Minden parancsgomb logikusan \u00e9s ergonomikusan van elhelyezve az utast\u00e9rben.<\/p>\n<p>A term\u00e9szetes szell\u0151z\u00e9s a h\u00e1ts\u00f3 ablak kinyit\u00e1s\u00e1val van biztos\u00edtva , mik\u00f6zben a meleg\u00edt\u0151vel ell\u00e1tott szell\u0151z\u0151rendszer hozz\u00e1j\u00e1rul a nagyobb k\u00e9nyelmes munk\u00e1hoz. N\u00e9gy munkaf\u00e9nysz\u00f3r\u00f3 (k\u00e9t els\u0151 \u00e9s k\u00e9t h\u00e1ts\u00f3) lehet\u0151v\u00e9 teszik \u00e9s megk\u00f6nny\u00edtik az \u00e9jszakai munk\u00e1t a traktorral.<br \/>\nAz els\u0151dleges Design ezekn\u00e9l a traktorokn\u00e1l kiemeli , az ergon\u00f3mi\u00e1t \u00e9s az eszt\u00e9tik\u00e1t, amellyel a TUBER nagy elismer\u00e9st hozott a nemzetk\u00f6zi tervez\u00e9sbe \u00e9s a piaci sikerbe.<\/p>\n<h3 align=\"center\"><strong>Egy szem\u00e9lyre szabott aj\u00e1nlat\u00e9rt, k\u00e9rj\u00fck t\u00f6ltse ki az al\u00e1bbi \u0171rlapot. K\u00f6sz\u00f6nj\u00fck!<\/strong><\/h3>\n","protected":false},"excerpt":{"rendered":"<p>A TUBER egy kompakt \u00f6sszker\u00e9kmeghajt\u00e1s\u00fa traktor teljes hidraulikus sebess\u00e9gv\u00e1lt\u00f3val.<br \/>\nEz egy nagyon mozg\u00e9kony t\u00f6bbc\u00e9l\u00fa traktor, amit a legfontosabb mez\u0151gazdas\u00e1gi termel\u00e9sre lehet felhaszn\u00e1lni.<\/p>\n","protected":false},"author":1,"featured_media":104,"comment_status":"closed","ping_status":"closed","sticky":false,"template":"","format":"standard","meta":{"footnotes":""},"categories":[1],"tags":[32,31,29,28,26,30],"class_list":["post-101","post","type-post","status-publish","format-standard","has-post-thumbnail","hentry","category-aruk","tag-kicsi-traktorok","tag-labinprogres-tps","tag-lombardini","tag-traktorok","tag-tuber","tag-yanmar"],"yoast_head":"<!-- This site is optimized with the Yoast SEO plugin v27.5 - https:\/\/yoast.com\/product\/yoast-seo-wordpress\/ -->\n<title>Egy hat\u00e9kony traktor. Kicsi, de er\u0151s! T\u00f6k\u00e9letes a sz\u0151l\u0151sbe \u00e9s gy\u00fcm\u00f6lcs\u00f6sbe, kerteszetbe es kissebb farmokba val\u00f3 haszn\u00e1lathoz. - MACOS &amp; HALL<\/title>\n<meta name=\"description\" content=\"A TUBER egy kompakt \u00f6sszker\u00e9kmeghajt\u00e1s\u00fa traktor teljes hidraulikus sebess\u00e9gv\u00e1lt\u00f3val. Ez egy nagyon mozg\u00e9kony t\u00f6bbc\u00e9l\u00fa traktor, amit a legfontosabb mez\u0151gazdas\u00e1gi termel\u00e9sre lehet felhaszn\u00e1lni.\" \/>\n<meta name=\"robots\" content=\"index, follow, max-snippet:-1, max-image-preview:large, max-video-preview:-1\" \/>\n<link rel=\"canonical\" href=\"https:\/\/mah.ro\/hun\/kicsi-de-eros\/\" \/>\n<meta property=\"og:locale\" content=\"ro_RO\" \/>\n<meta property=\"og:type\" content=\"article\" \/>\n<meta property=\"og:title\" content=\"Egy hat\u00e9kony traktor. Kicsi, de er\u0151s! T\u00f6k\u00e9letes a sz\u0151l\u0151sbe \u00e9s gy\u00fcm\u00f6lcs\u00f6sbe, kerteszetbe es kissebb farmokba val\u00f3 haszn\u00e1lathoz. - MACOS &amp; HALL\" \/>\n<meta property=\"og:description\" content=\"A TUBER egy kompakt \u00f6sszker\u00e9kmeghajt\u00e1s\u00fa traktor teljes hidraulikus sebess\u00e9gv\u00e1lt\u00f3val. Ez egy nagyon mozg\u00e9kony t\u00f6bbc\u00e9l\u00fa traktor, amit a legfontosabb mez\u0151gazdas\u00e1gi termel\u00e9sre lehet felhaszn\u00e1lni.\" \/>\n<meta property=\"og:url\" content=\"https:\/\/mah.ro\/hun\/kicsi-de-eros\/\" \/>\n<meta property=\"og:site_name\" content=\"MACOS &amp; HALL\" \/>\n<meta property=\"article:published_time\" content=\"2016-06-01T09:48:12+00:00\" \/>\n<meta property=\"article:modified_time\" content=\"2017-01-03T13:06:42+00:00\" \/>\n<meta property=\"og:image\" content=\"https:\/\/mah.ro\/hun\/wp-content\/uploads\/TUBER-27-800x600.jpg\" \/>\n\t<meta property=\"og:image:width\" content=\"800\" \/>\n\t<meta property=\"og:image:height\" content=\"600\" \/>\n\t<meta property=\"og:image:type\" content=\"image\/jpeg\" \/>\n<meta name=\"author\" content=\"readmin\" \/>\n<meta name=\"twitter:card\" content=\"summary_large_image\" \/>\n<meta name=\"twitter:label1\" content=\"Scris de\" \/>\n\t<meta name=\"twitter:data1\" content=\"readmin\" \/>\n\t<meta name=\"twitter:label2\" content=\"Timp estimat pentru citire\" \/>\n\t<meta name=\"twitter:data2\" content=\"3 minute\" \/>\n<script type=\"application\/ld+json\" class=\"yoast-schema-graph\">{\"@context\":\"https:\\\/\\\/schema.org\",\"@graph\":[{\"@type\":\"Article\",\"@id\":\"https:\\\/\\\/mah.ro\\\/hun\\\/kicsi-de-eros\\\/#article\",\"isPartOf\":{\"@id\":\"https:\\\/\\\/mah.ro\\\/hun\\\/kicsi-de-eros\\\/\"},\"author\":{\"name\":\"readmin\",\"@id\":\"https:\\\/\\\/mah.ro\\\/hun\\\/#\\\/schema\\\/person\\\/9f0881ddfd4c9e88798bc2b5a8c77e04\"},\"headline\":\"Egy hat\u00e9kony traktor. Kicsi, de er\u0151s! T\u00f6k\u00e9letes a sz\u0151l\u0151sbe \u00e9s gy\u00fcm\u00f6lcs\u00f6sbe, kerteszetbe es kissebb farmokba val\u00f3 haszn\u00e1lathoz.\",\"datePublished\":\"2016-06-01T09:48:12+00:00\",\"dateModified\":\"2017-01-03T13:06:42+00:00\",\"mainEntityOfPage\":{\"@id\":\"https:\\\/\\\/mah.ro\\\/hun\\\/kicsi-de-eros\\\/\"},\"wordCount\":540,\"publisher\":{\"@id\":\"https:\\\/\\\/mah.ro\\\/hun\\\/#organization\"},\"image\":{\"@id\":\"https:\\\/\\\/mah.ro\\\/hun\\\/kicsi-de-eros\\\/#primaryimage\"},\"thumbnailUrl\":\"https:\\\/\\\/mah.ro\\\/hun\\\/wp-content\\\/uploads\\\/TUBER-27-800x600.jpg\",\"keywords\":[\"kicsi traktorok\",\"Labinprogres TPS\",\"Lombardini\",\"traktorok\",\"tuber\",\"Yanmar\"],\"articleSection\":[\"\u00c1ruk\"],\"inLanguage\":\"ro-RO\"},{\"@type\":\"WebPage\",\"@id\":\"https:\\\/\\\/mah.ro\\\/hun\\\/kicsi-de-eros\\\/\",\"url\":\"https:\\\/\\\/mah.ro\\\/hun\\\/kicsi-de-eros\\\/\",\"name\":\"Egy hat\u00e9kony traktor. Kicsi, de er\u0151s! T\u00f6k\u00e9letes a sz\u0151l\u0151sbe \u00e9s gy\u00fcm\u00f6lcs\u00f6sbe, kerteszetbe es kissebb farmokba val\u00f3 haszn\u00e1lathoz. - MACOS &amp; HALL\",\"isPartOf\":{\"@id\":\"https:\\\/\\\/mah.ro\\\/hun\\\/#website\"},\"primaryImageOfPage\":{\"@id\":\"https:\\\/\\\/mah.ro\\\/hun\\\/kicsi-de-eros\\\/#primaryimage\"},\"image\":{\"@id\":\"https:\\\/\\\/mah.ro\\\/hun\\\/kicsi-de-eros\\\/#primaryimage\"},\"thumbnailUrl\":\"https:\\\/\\\/mah.ro\\\/hun\\\/wp-content\\\/uploads\\\/TUBER-27-800x600.jpg\",\"datePublished\":\"2016-06-01T09:48:12+00:00\",\"dateModified\":\"2017-01-03T13:06:42+00:00\",\"description\":\"A TUBER egy kompakt \u00f6sszker\u00e9kmeghajt\u00e1s\u00fa traktor teljes hidraulikus sebess\u00e9gv\u00e1lt\u00f3val. Ez egy nagyon mozg\u00e9kony t\u00f6bbc\u00e9l\u00fa traktor, amit a legfontosabb mez\u0151gazdas\u00e1gi termel\u00e9sre lehet felhaszn\u00e1lni.\",\"breadcrumb\":{\"@id\":\"https:\\\/\\\/mah.ro\\\/hun\\\/kicsi-de-eros\\\/#breadcrumb\"},\"inLanguage\":\"ro-RO\",\"potentialAction\":[{\"@type\":\"ReadAction\",\"target\":[\"https:\\\/\\\/mah.ro\\\/hun\\\/kicsi-de-eros\\\/\"]}]},{\"@type\":\"ImageObject\",\"inLanguage\":\"ro-RO\",\"@id\":\"https:\\\/\\\/mah.ro\\\/hun\\\/kicsi-de-eros\\\/#primaryimage\",\"url\":\"https:\\\/\\\/mah.ro\\\/hun\\\/wp-content\\\/uploads\\\/TUBER-27-800x600.jpg\",\"contentUrl\":\"https:\\\/\\\/mah.ro\\\/hun\\\/wp-content\\\/uploads\\\/TUBER-27-800x600.jpg\",\"width\":800,\"height\":600},{\"@type\":\"BreadcrumbList\",\"@id\":\"https:\\\/\\\/mah.ro\\\/hun\\\/kicsi-de-eros\\\/#breadcrumb\",\"itemListElement\":[{\"@type\":\"ListItem\",\"position\":1,\"name\":\"Home\",\"item\":\"https:\\\/\\\/mah.ro\\\/hun\\\/\"},{\"@type\":\"ListItem\",\"position\":2,\"name\":\"Egy hat\u00e9kony traktor. Kicsi, de er\u0151s! T\u00f6k\u00e9letes a sz\u0151l\u0151sbe \u00e9s gy\u00fcm\u00f6lcs\u00f6sbe, kerteszetbe es kissebb farmokba val\u00f3 haszn\u00e1lathoz.\"}]},{\"@type\":\"WebSite\",\"@id\":\"https:\\\/\\\/mah.ro\\\/hun\\\/#website\",\"url\":\"https:\\\/\\\/mah.ro\\\/hun\\\/\",\"name\":\"MACOS &amp; HALL\",\"description\":\"Mez\u0151gazdas\u00e1gi g\u00e9pek nemzetk\u00f6zi forgalmaz\u00f3ja.\",\"publisher\":{\"@id\":\"https:\\\/\\\/mah.ro\\\/hun\\\/#organization\"},\"potentialAction\":[{\"@type\":\"SearchAction\",\"target\":{\"@type\":\"EntryPoint\",\"urlTemplate\":\"https:\\\/\\\/mah.ro\\\/hun\\\/?s={search_term_string}\"},\"query-input\":{\"@type\":\"PropertyValueSpecification\",\"valueRequired\":true,\"valueName\":\"search_term_string\"}}],\"inLanguage\":\"ro-RO\"},{\"@type\":\"Organization\",\"@id\":\"https:\\\/\\\/mah.ro\\\/hun\\\/#organization\",\"name\":\"MACOS & HALL\",\"url\":\"https:\\\/\\\/mah.ro\\\/hun\\\/\",\"logo\":{\"@type\":\"ImageObject\",\"inLanguage\":\"ro-RO\",\"@id\":\"https:\\\/\\\/mah.ro\\\/hun\\\/#\\\/schema\\\/logo\\\/image\\\/\",\"url\":\"https:\\\/\\\/mah.ro\\\/hun\\\/wp-content\\\/uploads\\\/sigla-RED-Macos-Hall.jpg\",\"contentUrl\":\"https:\\\/\\\/mah.ro\\\/hun\\\/wp-content\\\/uploads\\\/sigla-RED-Macos-Hall.jpg\",\"width\":1128,\"height\":178,\"caption\":\"MACOS & HALL\"},\"image\":{\"@id\":\"https:\\\/\\\/mah.ro\\\/hun\\\/#\\\/schema\\\/logo\\\/image\\\/\"}},{\"@type\":\"Person\",\"@id\":\"https:\\\/\\\/mah.ro\\\/hun\\\/#\\\/schema\\\/person\\\/9f0881ddfd4c9e88798bc2b5a8c77e04\",\"name\":\"readmin\",\"url\":\"https:\\\/\\\/mah.ro\\\/hun\\\/author\\\/readmin\\\/\"}]}<\/script>\n<!-- \/ Yoast SEO plugin. -->","yoast_head_json":{"title":"Egy hat\u00e9kony traktor. Kicsi, de er\u0151s! T\u00f6k\u00e9letes a sz\u0151l\u0151sbe \u00e9s gy\u00fcm\u00f6lcs\u00f6sbe, kerteszetbe es kissebb farmokba val\u00f3 haszn\u00e1lathoz. - MACOS &amp; HALL","description":"A TUBER egy kompakt \u00f6sszker\u00e9kmeghajt\u00e1s\u00fa traktor teljes hidraulikus sebess\u00e9gv\u00e1lt\u00f3val. Ez egy nagyon mozg\u00e9kony t\u00f6bbc\u00e9l\u00fa traktor, amit a legfontosabb mez\u0151gazdas\u00e1gi termel\u00e9sre lehet felhaszn\u00e1lni.","robots":{"index":"index","follow":"follow","max-snippet":"max-snippet:-1","max-image-preview":"max-image-preview:large","max-video-preview":"max-video-preview:-1"},"canonical":"https:\/\/mah.ro\/hun\/kicsi-de-eros\/","og_locale":"ro_RO","og_type":"article","og_title":"Egy hat\u00e9kony traktor. Kicsi, de er\u0151s! T\u00f6k\u00e9letes a sz\u0151l\u0151sbe \u00e9s gy\u00fcm\u00f6lcs\u00f6sbe, kerteszetbe es kissebb farmokba val\u00f3 haszn\u00e1lathoz. - MACOS &amp; HALL","og_description":"A TUBER egy kompakt \u00f6sszker\u00e9kmeghajt\u00e1s\u00fa traktor teljes hidraulikus sebess\u00e9gv\u00e1lt\u00f3val. Ez egy nagyon mozg\u00e9kony t\u00f6bbc\u00e9l\u00fa traktor, amit a legfontosabb mez\u0151gazdas\u00e1gi termel\u00e9sre lehet felhaszn\u00e1lni.","og_url":"https:\/\/mah.ro\/hun\/kicsi-de-eros\/","og_site_name":"MACOS &amp; HALL","article_published_time":"2016-06-01T09:48:12+00:00","article_modified_time":"2017-01-03T13:06:42+00:00","og_image":[{"width":800,"height":600,"url":"https:\/\/mah.ro\/hun\/wp-content\/uploads\/TUBER-27-800x600.jpg","type":"image\/jpeg"}],"author":"readmin","twitter_card":"summary_large_image","twitter_misc":{"Scris de":"readmin","Timp estimat pentru citire":"3 minute"},"schema":{"@context":"https:\/\/schema.org","@graph":[{"@type":"Article","@id":"https:\/\/mah.ro\/hun\/kicsi-de-eros\/#article","isPartOf":{"@id":"https:\/\/mah.ro\/hun\/kicsi-de-eros\/"},"author":{"name":"readmin","@id":"https:\/\/mah.ro\/hun\/#\/schema\/person\/9f0881ddfd4c9e88798bc2b5a8c77e04"},"headline":"Egy hat\u00e9kony traktor. Kicsi, de er\u0151s! T\u00f6k\u00e9letes a sz\u0151l\u0151sbe \u00e9s gy\u00fcm\u00f6lcs\u00f6sbe, kerteszetbe es kissebb farmokba val\u00f3 haszn\u00e1lathoz.","datePublished":"2016-06-01T09:48:12+00:00","dateModified":"2017-01-03T13:06:42+00:00","mainEntityOfPage":{"@id":"https:\/\/mah.ro\/hun\/kicsi-de-eros\/"},"wordCount":540,"publisher":{"@id":"https:\/\/mah.ro\/hun\/#organization"},"image":{"@id":"https:\/\/mah.ro\/hun\/kicsi-de-eros\/#primaryimage"},"thumbnailUrl":"https:\/\/mah.ro\/hun\/wp-content\/uploads\/TUBER-27-800x600.jpg","keywords":["kicsi traktorok","Labinprogres TPS","Lombardini","traktorok","tuber","Yanmar"],"articleSection":["\u00c1ruk"],"inLanguage":"ro-RO"},{"@type":"WebPage","@id":"https:\/\/mah.ro\/hun\/kicsi-de-eros\/","url":"https:\/\/mah.ro\/hun\/kicsi-de-eros\/","name":"Egy hat\u00e9kony traktor. Kicsi, de er\u0151s! T\u00f6k\u00e9letes a sz\u0151l\u0151sbe \u00e9s gy\u00fcm\u00f6lcs\u00f6sbe, kerteszetbe es kissebb farmokba val\u00f3 haszn\u00e1lathoz. - MACOS &amp; HALL","isPartOf":{"@id":"https:\/\/mah.ro\/hun\/#website"},"primaryImageOfPage":{"@id":"https:\/\/mah.ro\/hun\/kicsi-de-eros\/#primaryimage"},"image":{"@id":"https:\/\/mah.ro\/hun\/kicsi-de-eros\/#primaryimage"},"thumbnailUrl":"https:\/\/mah.ro\/hun\/wp-content\/uploads\/TUBER-27-800x600.jpg","datePublished":"2016-06-01T09:48:12+00:00","dateModified":"2017-01-03T13:06:42+00:00","description":"A TUBER egy kompakt \u00f6sszker\u00e9kmeghajt\u00e1s\u00fa traktor teljes hidraulikus sebess\u00e9gv\u00e1lt\u00f3val. Ez egy nagyon mozg\u00e9kony t\u00f6bbc\u00e9l\u00fa traktor, amit a legfontosabb mez\u0151gazdas\u00e1gi termel\u00e9sre lehet felhaszn\u00e1lni.","breadcrumb":{"@id":"https:\/\/mah.ro\/hun\/kicsi-de-eros\/#breadcrumb"},"inLanguage":"ro-RO","potentialAction":[{"@type":"ReadAction","target":["https:\/\/mah.ro\/hun\/kicsi-de-eros\/"]}]},{"@type":"ImageObject","inLanguage":"ro-RO","@id":"https:\/\/mah.ro\/hun\/kicsi-de-eros\/#primaryimage","url":"https:\/\/mah.ro\/hun\/wp-content\/uploads\/TUBER-27-800x600.jpg","contentUrl":"https:\/\/mah.ro\/hun\/wp-content\/uploads\/TUBER-27-800x600.jpg","width":800,"height":600},{"@type":"BreadcrumbList","@id":"https:\/\/mah.ro\/hun\/kicsi-de-eros\/#breadcrumb","itemListElement":[{"@type":"ListItem","position":1,"name":"Home","item":"https:\/\/mah.ro\/hun\/"},{"@type":"ListItem","position":2,"name":"Egy hat\u00e9kony traktor. Kicsi, de er\u0151s! T\u00f6k\u00e9letes a sz\u0151l\u0151sbe \u00e9s gy\u00fcm\u00f6lcs\u00f6sbe, kerteszetbe es kissebb farmokba val\u00f3 haszn\u00e1lathoz."}]},{"@type":"WebSite","@id":"https:\/\/mah.ro\/hun\/#website","url":"https:\/\/mah.ro\/hun\/","name":"MACOS &amp; HALL","description":"Mez\u0151gazdas\u00e1gi g\u00e9pek nemzetk\u00f6zi forgalmaz\u00f3ja.","publisher":{"@id":"https:\/\/mah.ro\/hun\/#organization"},"potentialAction":[{"@type":"SearchAction","target":{"@type":"EntryPoint","urlTemplate":"https:\/\/mah.ro\/hun\/?s={search_term_string}"},"query-input":{"@type":"PropertyValueSpecification","valueRequired":true,"valueName":"search_term_string"}}],"inLanguage":"ro-RO"},{"@type":"Organization","@id":"https:\/\/mah.ro\/hun\/#organization","name":"MACOS & HALL","url":"https:\/\/mah.ro\/hun\/","logo":{"@type":"ImageObject","inLanguage":"ro-RO","@id":"https:\/\/mah.ro\/hun\/#\/schema\/logo\/image\/","url":"https:\/\/mah.ro\/hun\/wp-content\/uploads\/sigla-RED-Macos-Hall.jpg","contentUrl":"https:\/\/mah.ro\/hun\/wp-content\/uploads\/sigla-RED-Macos-Hall.jpg","width":1128,"height":178,"caption":"MACOS & HALL"},"image":{"@id":"https:\/\/mah.ro\/hun\/#\/schema\/logo\/image\/"}},{"@type":"Person","@id":"https:\/\/mah.ro\/hun\/#\/schema\/person\/9f0881ddfd4c9e88798bc2b5a8c77e04","name":"readmin","url":"https:\/\/mah.ro\/hun\/author\/readmin\/"}]}},"_links":{"self":[{"href":"https:\/\/mah.ro\/hun\/wp-json\/wp\/v2\/posts\/101","targetHints":{"allow":["GET"]}}],"collection":[{"href":"https:\/\/mah.ro\/hun\/wp-json\/wp\/v2\/posts"}],"about":[{"href":"https:\/\/mah.ro\/hun\/wp-json\/wp\/v2\/types\/post"}],"author":[{"embeddable":true,"href":"https:\/\/mah.ro\/hun\/wp-json\/wp\/v2\/users\/1"}],"replies":[{"embeddable":true,"href":"https:\/\/mah.ro\/hun\/wp-json\/wp\/v2\/comments?post=101"}],"version-history":[{"count":0,"href":"https:\/\/mah.ro\/hun\/wp-json\/wp\/v2\/posts\/101\/revisions"}],"wp:featuredmedia":[{"embeddable":true,"href":"https:\/\/mah.ro\/hun\/wp-json\/wp\/v2\/media\/104"}],"wp:attachment":[{"href":"https:\/\/mah.ro\/hun\/wp-json\/wp\/v2\/media?parent=101"}],"wp:term":[{"taxonomy":"category","embeddable":true,"href":"https:\/\/mah.ro\/hun\/wp-json\/wp\/v2\/categories?post=101"},{"taxonomy":"post_tag","embeddable":true,"href":"https:\/\/mah.ro\/hun\/wp-json\/wp\/v2\/tags?post=101"}],"curies":[{"name":"wp","href":"https:\/\/api.w.org\/{rel}","templated":true}]}}